{"id":91615,"date":"2020-07-08T09:32:37","date_gmt":"2020-07-08T13:32:37","guid":{"rendered":"https:\/\/linitiative.ca\/International\/estimations-de-la-bad-contraction-attendue-du-pib-entre-34-et-4-en-2020\/"},"modified":"2020-07-08T09:32:37","modified_gmt":"2020-07-08T13:32:37","slug":"estimations-de-la-bad-contraction-attendue-du-pib-entre-34-et-4-en-2020","status":"publish","type":"post","link":"https:\/\/linitiative.ca\/International\/estimations-de-la-bad-contraction-attendue-du-pib-entre-34-et-4-en-2020\/","title":{"rendered":"Estimations de la BAD :  Contraction attendue du PIB entre 3,4% et 4% en 2020"},"content":{"rendered":"<p>La croissance du PIB devrait ralentir de 5,5 \u00e0 6,1 points de pourcentage en 2020, par rapport aux pr\u00e9visions ant\u00e9rieures \u00e0 la crise du COVID-19, ce qui entra\u00eenerait l\u2019\u00e9conomie tunisienne dans une profonde r\u00e9cession, avec une contraction du PIB pr\u00e9vue entre 3,4% (sc\u00e9nario de base) et 4,0% (sc\u00e9nario pessimiste), r\u00e9v\u00e8le le suppl\u00e9ment \u00bb Perspectives \u00e9conomiques en Afrique 2020 \u00bb rendu public, mardi, par la Banque Africaine de D\u00e9veloppement (BAD).<\/p>\n<p>Le sc\u00e9nario de base suppose que la pand\u00e9mie ralentit en juillet, alors que le sc\u00e9nario pessimiste postule la poursuite de cette crise jusqu\u2019en d\u00e9cembre.<\/p>\n<p>Selon la BAD, cette perte de croissance contribuerait \u00e0 une augmentation du d\u00e9ficit budg\u00e9taire d\u2019au moins 2 points de pourcentage, par rapport aux projections initiales, sous l\u2019effet attendu d\u2019une perte de recettes fiscales li\u00e9e \u00e0 la contraction de l\u2019activit\u00e9 \u00e9conomique.<\/p>\n<p>Dans le m\u00eame temps, le besoin de financement estim\u00e9 \u00e0 11,4 milliards de dinars (environ 4 milliards d\u2019USD), dans le projet de loi de finances 2020, pourrait augmenter de 30 \u00e0 50%.<\/p>\n<p>Malgr\u00e9 la baisse attendue de la facture p\u00e9troli\u00e8re due \u00e0 la chute des prix du p\u00e9trole, souligne encore le document de la BAD, le d\u00e9ficit du compte courant devrait augmenter de 2,1 \u00e0 2,3 points de pourcentage, par rapport aux pr\u00e9visions sans COVID-19, et ce, en raison du ralentissement attendu du secteur du tourisme et de la diminution des transferts de fonds des migrants et des exportations.<\/p>\n<p>S\u2019agissant de l\u2019inflation qui avait baiss\u00e9 l\u00e9g\u00e8rement en 2019, elle devrait s\u2019accro\u00eetre en 2020 et 2021, tout en restant contenue. L\u2019am\u00e9lioration relative de la situation macro\u00e9conomique attendue en 2021, d\u00e9pendra des conditions \u00e9conomiques en Europe et dans le monde, estime la Banque africaine.<\/p>\n<p>Dans son rapport publi\u00e9 le 30 janvier 2020, sur \u00bb Les perspectives \u00e9conomiques en Afrique 2020 \u00ab , la BAD avait pr\u00e9vu que la croissance du PIB de la Tunisie devrait reprendre avec des taux de 2,1 % en 2020 et 2,5 % en 2021, aliment\u00e9e du c\u00f4t\u00e9 de l\u2019offre par l\u2019agriculture, le phosphate et le tourisme.<\/p>\n<p>En Afrique, le PIB devrait se contracter de 1,7 % en 2020, d\u2019apr\u00e8s le sc\u00e9nario de base de la BAD, qui suppose un impact consid\u00e9rable du virus, mais sur une courte dur\u00e9e.<\/p>\n<p>Selon le sc\u00e9nario pessimiste, qui envisage un impact violent du virus sur une plus longue p\u00e9riode, le PIB diminuerait de 3,4 %. Une reprise partielle d\u2019environ 3 % est pr\u00e9vue pour 2021. Mais ce redressement ne compenserait pas une perte cumul\u00e9e pour le PIB de l\u2019Afrique estim\u00e9e entre 173,1 et 236,7 milliards de dollards pour 2020 et 2021, en raison de la pand\u00e9mie.<\/p>\n<p>D\u2019apr\u00e8s la BAD, les impacts \u00e9conomiques du COVID-19 vont \u00eatre diff\u00e9rents selon les pays africains, en fonction de leur structure sectorielle et de leurs conditions initiales.<\/p>\n<p>Ainsi, les \u00e9conomies d\u00e9pendantes du tourisme, exportatrices de p\u00e9trole et riches en ressources naturelles devraient \u00eatre les plus durement touch\u00e9es, en raison des restrictions sur les voyages impos\u00e9es dans le monde entier et de l\u2019effondrement de la demande et des prix des produits de base, notamment du p\u00e9trole.<\/p>\n<p>Pour les pays de ces groupes, l\u2019\u00e9conomie devrait reculer en 2020 de plus de 4 points de pourcentage en moyenne. Par contre, les \u00e9conomies moins d\u00e9pendantes des ressources naturelles, dont les structures \u00e9conomiques sont plus diversifi\u00e9es, seront probablement plus r\u00e9sistantes au choc, estime la Banque.<\/p>\n<p>Face \u00e0 cette pand\u00e9mie, l\u2019institution financi\u00e8re africaine a exhort\u00e9 les gouvernements et les partenaires au d\u00e9veloppement \u00e0 r\u00e9agir de mani\u00e8re coordonn\u00e9e, cibl\u00e9e et rapide en faisant appel \u00e0 tous les leviers politiques disponibles.<\/p>\n<p>Dans un premier temps, les entreprises consid\u00e9r\u00e9es comme pr\u00e9sentant des risques de contagion faibles ou moyens, comme l\u2019industrie manufacturi\u00e8re, la construction et certains services de d\u00e9tail, pourront reprendre leurs activit\u00e9s.<\/p>\n<p>Ensuite, les gouvernements doivent observer s\u2019il y a un rebond des cas d\u2019infection avant de proc\u00e9der \u00e0 la r\u00e9ouverture d\u2019activit\u00e9s \u00e9conomiques consid\u00e9r\u00e9es comme pr\u00e9sentant des risques de transmission \u00e9lev\u00e9s, tels que les h\u00f4tels, les \u00e9coles, les restaurants et les lieux consacr\u00e9s au sport et au divertissement.<\/p>\n<div class=\"wp-post-author-wrap wp-post-author-shortcode left\">\n<h3 class=\"awpa-title\"\/>\n<div class=\"wp-post-author\">\n<div class=\"awpa-img awpa-author-block square\"><a href=\"http:\/\/lexpertjournal.net\/fr\/?author=5\"><img loading=\"lazy\" decoding=\"async\" alt=\"\" src=\"http:\/\/0.gravatar.com\/avatar\/97f8e10a1c1125ba104a76514ee07b16?s=150&amp;d=mm&amp;r=g\" srcset=\"http:\/\/0.gravatar.com\/avatar\/97f8e10a1c1125ba104a76514ee07b16?s=300&amp;d=mm&amp;r=g 2x\" class=\"avatar avatar-150 photo\" height=\"150\" width=\"150\"\/><\/a><\/div>\n<\/div>\n<\/div>\n<aside class=\"mashsb-container mashsb-main mashsb-stretched\">\n<\/aside>\n<p>Auteur: L&rsquo;expert<br \/>\n<a href=\"http:\/\/lexpertjournal.net\/fr\/?p=15641\">Cliquez ici pour lire l&rsquo;article depuis sa source.<\/a><\/p>\n","protected":false},"excerpt":{"rendered":"<p>La croissance du PIB devrait ralentir de 5,5 \u00e0 6,1 points de pourcentage en 2020, par rapport aux pr\u00e9visions ant\u00e9rieures \u00e0 la crise du COVID-19, ce qui entra\u00eenerait l\u2019\u00e9conomie tunisienne dans une profonde r\u00e9cession, avec une contraction du PIB pr\u00e9vue entre 3,4% (sc\u00e9nario de base) et 4,0% (sc\u00e9nario pessimiste), r\u00e9v\u00e8le le suppl\u00e9ment \u00bb Perspectives \u00e9conomiques [&hellip;]<\/p>\n","protected":false},"author":1775,"featured_media":0,"comment_status":"closed","ping_status":"closed","sticky":false,"template":"","format":"standard","meta":{"fifu_image_url":"","fifu_image_alt":"","footnotes":""},"categories":[78,55],"tags":[],"class_list":["post-91615","post","type-post","status-publish","format-standard","hentry","category-economie","category-tunisie"],"_links":{"self":[{"href":"https:\/\/linitiative.ca\/International\/wp-json\/wp\/v2\/posts\/91615","targetHints":{"allow":["GET"]}}],"collection":[{"href":"https:\/\/linitiative.ca\/International\/wp-json\/wp\/v2\/posts"}],"about":[{"href":"https:\/\/linitiative.ca\/International\/wp-json\/wp\/v2\/types\/post"}],"author":[{"embeddable":true,"href":"https:\/\/linitiative.ca\/International\/wp-json\/wp\/v2\/users\/1775"}],"replies":[{"embeddable":true,"href":"https:\/\/linitiative.ca\/International\/wp-json\/wp\/v2\/comments?post=91615"}],"version-history":[{"count":0,"href":"https:\/\/linitiative.ca\/International\/wp-json\/wp\/v2\/posts\/91615\/revisions"}],"wp:attachment":[{"href":"https:\/\/linitiative.ca\/International\/wp-json\/wp\/v2\/media?parent=91615"}],"wp:term":[{"taxonomy":"category","embeddable":true,"href":"https:\/\/linitiative.ca\/International\/wp-json\/wp\/v2\/categories?post=91615"},{"taxonomy":"post_tag","embeddable":true,"href":"https:\/\/linitiative.ca\/International\/wp-json\/wp\/v2\/tags?post=91615"}],"curies":[{"name":"wp","href":"https:\/\/api.w.org\/{rel}","templated":true}]}}