{"id":91617,"date":"2020-07-08T09:35:43","date_gmt":"2020-07-08T13:35:43","guid":{"rendered":"https:\/\/linitiative.ca\/International\/nouveau-b-e-de-la-federation-generale-de-linformation\/"},"modified":"2020-07-08T09:35:43","modified_gmt":"2020-07-08T13:35:43","slug":"nouveau-b-e-de-la-federation-generale-de-linformation","status":"publish","type":"post","link":"https:\/\/linitiative.ca\/International\/nouveau-b-e-de-la-federation-generale-de-linformation\/","title":{"rendered":"Nouveau B.E. de la F\u00e9d\u00e9ration g\u00e9n\u00e9rale de l\u2019information"},"content":{"rendered":"<p>La F\u00e9d\u00e9ration g\u00e9n\u00e9rale de l\u2019information relevant de l\u2019Union g\u00e9n\u00e9rale tunisienne du travail (UGTT) a tenu, mardi, son congr\u00e8s ordinaire \u00e0 Hammamet avec pour slogan \u00ab presse libre et ind\u00e9pendante \u00bb.<\/p>\n<p>Les travaux ont abouti \u00e0 l\u2019\u00e9lection d\u2019un nouveau bureau ex\u00e9cutif et les responsabilit\u00e9s ont \u00e9t\u00e9 r\u00e9parties comme suit:<\/p>\n<p>\u2013 Mohamed Sa\u00efdi, secr\u00e9taire g\u00e9n\u00e9ral (53 voix),<\/p>\n<p>\u2013 Sabri Mensi, secr\u00e9taire g\u00e9n\u00e9ral adjoint charg\u00e9 du r\u00e8glement int\u00e9rieur (50 voix),<\/p>\n<p>\u2013 Rached Ben Youssef, secr\u00e9taire g\u00e9n\u00e9ral adjoint charg\u00e9 de la tr\u00e9sorerie et des adh\u00e9sions (49 voix),<\/p>\n<p>\u2013 Ghassan Ksibi, secr\u00e9taire g\u00e9n\u00e9ral adjoint charg\u00e9 de l\u2019information et de l\u2019\u00e9dition (52 voix),<\/p>\n<p>\u2013 Nasreddine Sassi, secr\u00e9taire g\u00e9n\u00e9ral adjoint charg\u00e9 des \u00e9tudes et des affaires juridiques (51 voix),<\/p>\n<p>\u2013 Latifa Ferchichi, secr\u00e9taire g\u00e9n\u00e9rale adjointe charg\u00e9e de la formation syndicale et des activit\u00e9s culturelles (50 voix),<\/p>\n<p>\u2013 Nefissa Hosni, secr\u00e9taire g\u00e9n\u00e9ral adjointe charg\u00e9e de la protection sociale (49 voix),<\/p>\n<p>\u2013 Mohamed H\u00e9di Tarchouni, secr\u00e9taire g\u00e9n\u00e9ral adjoint charg\u00e9 des relations arabes et ext\u00e9rieures (51 voix),<\/p>\n<p>\u2013 Moufida Touati, secr\u00e9taire g\u00e9n\u00e9rale adjointe charg\u00e9e de la femme, des jeunes et des associations (49 voix).<\/p>\n<div class=\"wp-post-author-wrap wp-post-author-shortcode left\">\n<h3 class=\"awpa-title\"\/>\n<div class=\"wp-post-author\">\n<div class=\"awpa-img awpa-author-block square\"><a href=\"http:\/\/lexpertjournal.net\/fr\/?author=5\"><img loading=\"lazy\" decoding=\"async\" alt=\"\" src=\"http:\/\/0.gravatar.com\/avatar\/97f8e10a1c1125ba104a76514ee07b16?s=150&amp;d=mm&amp;r=g\" srcset=\"http:\/\/0.gravatar.com\/avatar\/97f8e10a1c1125ba104a76514ee07b16?s=300&amp;d=mm&amp;r=g 2x\" class=\"avatar avatar-150 photo\" height=\"150\" width=\"150\"\/><\/a><\/div>\n<\/div>\n<\/div>\n<aside class=\"mashsb-container mashsb-main mashsb-stretched\">\n<\/aside>\n<p>Auteur: L&rsquo;expert<br \/>\n<a href=\"http:\/\/lexpertjournal.net\/fr\/?p=15647\">Cliquez ici pour lire l&rsquo;article depuis sa source.<\/a><\/p>\n","protected":false},"excerpt":{"rendered":"<p>La F\u00e9d\u00e9ration g\u00e9n\u00e9rale de l\u2019information relevant de l\u2019Union g\u00e9n\u00e9rale tunisienne du travail (UGTT) a tenu, mardi, son congr\u00e8s ordinaire \u00e0 Hammamet avec pour slogan \u00ab presse libre et ind\u00e9pendante \u00bb. Les travaux ont abouti \u00e0 l\u2019\u00e9lection d\u2019un nouveau bureau ex\u00e9cutif et les responsabilit\u00e9s ont \u00e9t\u00e9 r\u00e9parties comme suit: \u2013 Mohamed Sa\u00efdi, secr\u00e9taire g\u00e9n\u00e9ral (53 voix), [&hellip;]<\/p>\n","protected":false},"author":1775,"featured_media":0,"comment_status":"closed","ping_status":"closed","sticky":false,"template":"","format":"standard","meta":{"fifu_image_url":"","fifu_image_alt":"","footnotes":""},"categories":[78,55],"tags":[],"class_list":["post-91617","post","type-post","status-publish","format-standard","hentry","category-economie","category-tunisie"],"_links":{"self":[{"href":"https:\/\/linitiative.ca\/International\/wp-json\/wp\/v2\/posts\/91617","targetHints":{"allow":["GET"]}}],"collection":[{"href":"https:\/\/linitiative.ca\/International\/wp-json\/wp\/v2\/posts"}],"about":[{"href":"https:\/\/linitiative.ca\/International\/wp-json\/wp\/v2\/types\/post"}],"author":[{"embeddable":true,"href":"https:\/\/linitiative.ca\/International\/wp-json\/wp\/v2\/users\/1775"}],"replies":[{"embeddable":true,"href":"https:\/\/linitiative.ca\/International\/wp-json\/wp\/v2\/comments?post=91617"}],"version-history":[{"count":0,"href":"https:\/\/linitiative.ca\/International\/wp-json\/wp\/v2\/posts\/91617\/revisions"}],"wp:attachment":[{"href":"https:\/\/linitiative.ca\/International\/wp-json\/wp\/v2\/media?parent=91617"}],"wp:term":[{"taxonomy":"category","embeddable":true,"href":"https:\/\/linitiative.ca\/International\/wp-json\/wp\/v2\/categories?post=91617"},{"taxonomy":"post_tag","embeddable":true,"href":"https:\/\/linitiative.ca\/International\/wp-json\/wp\/v2\/tags?post=91617"}],"curies":[{"name":"wp","href":"https:\/\/api.w.org\/{rel}","templated":true}]}}