{"id":91623,"date":"2020-07-08T11:00:00","date_gmt":"2020-07-08T15:00:00","guid":{"rendered":"https:\/\/linitiative.ca\/International\/le-parquet-requiert-16-ans-de-prison-pour-tahkout-15-ans-pour-sellal-et-ouyahia\/"},"modified":"2020-07-08T11:00:00","modified_gmt":"2020-07-08T15:00:00","slug":"le-parquet-requiert-16-ans-de-prison-pour-tahkout-15-ans-pour-sellal-et-ouyahia","status":"publish","type":"post","link":"https:\/\/linitiative.ca\/International\/le-parquet-requiert-16-ans-de-prison-pour-tahkout-15-ans-pour-sellal-et-ouyahia\/","title":{"rendered":"Le parquet requiert 16 ans de prison pour Tahkout, 15 ans pour Sellal  et Ouyahia"},"content":{"rendered":"<div id=\"originalText\" readability=\"47\">\n<p>Le procureur de la R\u00e9publique pr\u00e8s le Tribunal de Sidi M&rsquo;hamed, \u00e0 Alger, a requis, mercredi,16 ans de prison ferme \u00e0\u00a0l&rsquo;encontre de l&rsquo;homme d&rsquo;affaires Mahieddine Tahkout, poursuivi dans le\u00a0 cadre d&rsquo;affaires de corruption, et 15 ans de prison pour les deux anciens\u00a0premiers ministres, Abdelmalek Sellal et Ahmed Ouyahia.<\/p>\n<p>Au troisi\u00e8me jour du proc\u00e8s de l&rsquo;homme d&rsquo;affaires, le repr\u00e9sentant du Tr\u00e9sor public a r\u00e9clam\u00e9\u00a0 un montant de plus de 309\u00a0 milliards de DA de dommages et int\u00e9r\u00eats \u00e0 Mahieddine\u00a0 Tahkout et ses associ\u00e9s.<\/p>\n<p class=\"c6\"><strong>R\u00e9daction\u00a0 Web<\/strong><\/p>\n<\/div>\n<div id=\"text_core\" readability=\"47\">\n<p>Le procureur de la R\u00e9publique pr\u00e8s le Tribunal de Sidi M&rsquo;hamed, \u00e0 Alger, a requis, mercredi,16 ans de prison ferme \u00e0\u00a0l&rsquo;encontre de l&rsquo;homme d&rsquo;affaires Mahieddine Tahkout, poursuivi dans le\u00a0 cadre d&rsquo;affaires de corruption, et 15 ans de prison pour les deux anciens\u00a0premiers ministres, Abdelmalek Sellal et Ahmed Ouyahia.<\/p>\n<p>Au troisi\u00e8me jour du proc\u00e8s de l&rsquo;homme d&rsquo;affaires, le repr\u00e9sentant du Tr\u00e9sor public a r\u00e9clam\u00e9\u00a0 un montant de plus de 309\u00a0 milliards de DA de dommages et int\u00e9r\u00eats \u00e0 Mahieddine\u00a0 Tahkout et ses associ\u00e9s.<\/p>\n<p class=\"c6\"><strong>R\u00e9daction\u00a0 Web<\/strong><\/p>\n<\/div>\n<p>Auteur:<br \/>\n<a href=\"https:\/\/www.liberte-algerie.com\/actualite\/le-parquet-requiert-16-ans-de-prison-pour-tahkout-15-ans-pour-sellal-et-ouyahia-341708\">Cliquez ici pour lire l&rsquo;article depuis sa source.<\/a><\/p>\n","protected":false},"excerpt":{"rendered":"<p>Le procureur de la R\u00e9publique pr\u00e8s le Tribunal de Sidi M&rsquo;hamed, \u00e0 Alger, a requis, mercredi,16 ans de prison ferme \u00e0\u00a0l&rsquo;encontre de l&rsquo;homme d&rsquo;affaires Mahieddine Tahkout, poursuivi dans le\u00a0 cadre d&rsquo;affaires de corruption, et 15 ans de prison pour les deux anciens\u00a0premiers ministres, Abdelmalek Sellal et Ahmed Ouyahia. Au troisi\u00e8me jour du proc\u00e8s de l&rsquo;homme [&hellip;]<\/p>\n","protected":false},"author":1742,"featured_media":0,"comment_status":"closed","ping_status":"closed","sticky":false,"template":"","format":"standard","meta":{"fifu_image_url":"","fifu_image_alt":"","footnotes":""},"categories":[73,53],"tags":[],"class_list":["post-91623","post","type-post","status-publish","format-standard","hentry","category-actualite","category-algerie"],"_links":{"self":[{"href":"https:\/\/linitiative.ca\/International\/wp-json\/wp\/v2\/posts\/91623","targetHints":{"allow":["GET"]}}],"collection":[{"href":"https:\/\/linitiative.ca\/International\/wp-json\/wp\/v2\/posts"}],"about":[{"href":"https:\/\/linitiative.ca\/International\/wp-json\/wp\/v2\/types\/post"}],"author":[{"embeddable":true,"href":"https:\/\/linitiative.ca\/International\/wp-json\/wp\/v2\/users\/1742"}],"replies":[{"embeddable":true,"href":"https:\/\/linitiative.ca\/International\/wp-json\/wp\/v2\/comments?post=91623"}],"version-history":[{"count":0,"href":"https:\/\/linitiative.ca\/International\/wp-json\/wp\/v2\/posts\/91623\/revisions"}],"wp:attachment":[{"href":"https:\/\/linitiative.ca\/International\/wp-json\/wp\/v2\/media?parent=91623"}],"wp:term":[{"taxonomy":"category","embeddable":true,"href":"https:\/\/linitiative.ca\/International\/wp-json\/wp\/v2\/categories?post=91623"},{"taxonomy":"post_tag","embeddable":true,"href":"https:\/\/linitiative.ca\/International\/wp-json\/wp\/v2\/tags?post=91623"}],"curies":[{"name":"wp","href":"https:\/\/api.w.org\/{rel}","templated":true}]}}