{"id":91624,"date":"2020-07-08T11:30:00","date_gmt":"2020-07-08T15:30:00","guid":{"rendered":"https:\/\/linitiative.ca\/International\/le-proces-dali-ghediri-est-encore-loin-et-nous-esperons-la-liberte-provisoire\/"},"modified":"2020-07-08T11:30:00","modified_gmt":"2020-07-08T15:30:00","slug":"le-proces-dali-ghediri-est-encore-loin-et-nous-esperons-la-liberte-provisoire","status":"publish","type":"post","link":"https:\/\/linitiative.ca\/International\/le-proces-dali-ghediri-est-encore-loin-et-nous-esperons-la-liberte-provisoire\/","title":{"rendered":"\u00ab\u00a0Le proc\u00e8s d&rsquo;Ali Ghediri est encore loin et nous esp\u00e9rons la libert\u00e9 provisoire\u00a0\u00bb"},"content":{"rendered":"<div id=\"originalText\" readability=\"142\">\n<p><em><strong>Me Nabila Slimi est membre du collectif de la d\u00e9fense du g\u00e9n\u00e9ral \u00e0 la retraite, Ali Ghediri, plac\u00e9 en d\u00e9tention provisoire depuis le 13 juin 2019, \u00e0 la prison d\u2019El Harrach, dans la banlieue Est d\u2019Alger.<\/strong><\/em><\/p>\n<p><strong>La d\u00e9fense d\u2019Ali Ghdiri a peu communiqu\u00e9 sur l\u2019affaire du g\u00e9n\u00e9ral \u00e0 la retraite, o\u00f9 en est son dossier ?\u00a0<\/strong><\/p>\n<p>Il y a eu, en effet, \u00a0une tr\u00e8s faible couverture m\u00e9diatique de l\u2019affaire, comme de lourdes accusations pesaient sur la personne de Ali Ghediri, \u00e0 savoir trahison et complicit\u00e9, ainsi que atteinte au moral des troupes. \u00a0\u00a0<\/p>\n<p>Le dossier est d\u2019abord rest\u00e9 une ann\u00e9e au niveau de l\u2019instruction. \u00a0Il \u00a0a \u00e9t\u00e9 trait\u00e9\u00a0 en premi\u00e8re instance au tribunal de Dar El beida. En mars 2020, le juge d\u2019instruction a d\u00e9cid\u00e9 d\u2019envoyer le dossier avec une ordonnance \u00e0 la chambre d\u2019accusation qui a fix\u00e9 une date pour l\u2019examiner. Le 18 mars donc, la chmabre d\u2019accusation a ordonn\u00e9 une instruction compl\u00e9mentaire et le juge d\u2019instruction a instruit le dossier partiellement en raison des conditions sanitaires li\u00e9es \u00e0a la pand\u00e9mie du\u00a0 Covid-19. En mai, le dossier a \u00e9t\u00e9 renvoy\u00e9 \u00e0 la chambre d\u2019accusation qui l\u2019a\u00a0 r\u00e9examin\u00e9 15 jours apr\u00e8s, soit le 3 juin. \u00a0<\/p>\n<p>Le 10 juin,\u00a0 la chambre d\u2019accusation a rendu son \u00a0verdict. Monsieur Ali Ghediri n\u2019\u00e9tait plus accus\u00e9 de trahison, mais seulement d\u2019atteinte au moral des troupes, avec rejet, pour la seconde fois, de la demande de libert\u00e9 provisoire.<\/p>\n<p>A partir du 10 juin 2020, on avait deux choix\u00a0: attendre que le tribunal criminel programme l\u2019audience de son proc\u00e8s ou de passer par un pourvoi\u00a0 de cassation aupr\u00e8s de la cour supr\u00eame, et c\u2019est pour la deuxi\u00e8me option qu\u2019a opt\u00e9 Ali Ghedir.<\/p>\n<p><strong>Pourquoi le choix du pourvoi de cassation\u00a0?<\/strong><\/p>\n<p>Ali Ghediri \u00e9tait \u00e0 moiti\u00e9 satisfait. Autant il n\u2019y a jamais eu lieu de trahison, autant il rejette cat\u00e9goriquement l\u2019accusation portant atteinte au moral des troupes. Nous avons donc respect\u00e9 son choix. On a fait le pourvoi en cassation le 15 juin 2020 et nous avons d\u00e9pos\u00e9 hier le m\u00e9moire comportant tous les justificatifs y aff\u00e9rant au niveau de la chambre criminelle de la cour supr\u00eame. \u00a0<\/p>\n<p>Mais opter pour cette option retarde forc\u00e9ment la programmation du proc\u00e8s\u00a0?<\/p>\n<p>Nous sommes, malheureusement, face \u00e0 une situation que nous ne souhaitions pas. Le dossier se trouve maintenant au niveau du service de pourvoi de la cour d\u2019Alger. Il doit imp\u00e9rativement rester dans ce service conform\u00e9ment \u00e0 la proc\u00e9dure p\u00e9nale. Nous avons ainsi \u00a0un d\u00e9lai de 60 jours pour d\u00e9poser nos m\u00e9moires. Ajouter \u00e0 cela deux mois suppl\u00e9mentaires pour que la cour d\u2019Alger envoie le dossier \u00e0 la chambre criminelle de la\u00a0 Cour supr\u00eame. Nous ne pouvons donc rien faire avant le 20 ou le 25 octobre 2020. Il faut savoir aussi qu\u2019aucun d\u00e9lai n\u2019est fix\u00e9 \u00e0 la Cour supr\u00eame pour statuer sur le dossier, cela peut donc prendre trois comme six mois. Et pendant cette p\u00e9riode, monsieur Ali Ghediri restera derri\u00e8re les barreaux. \u00a0<\/p>\n<p><strong>Est-il vrai qu\u2019Ali Ghediri a refus\u00e9 de b\u00e9n\u00e9ficier d\u2019une remise en libert\u00e9 provisoire ?<\/strong><\/p>\n<p>Il a plut\u00f4t refus\u00e9 qu\u2019il soit lib\u00e9r\u00e9 par piti\u00e9, avec maintien des accusations qu\u2019ils rejettent cat\u00e9goriquement .Etant donn\u00e9 que nous sommes face \u00e0 un dossier o\u00f9 les \u00e9l\u00e9ments mat\u00e9riels des deux accusations n\u2019y figurent pas, nous avions donc tous rejet\u00e9 ces poursuites. Nous pensions que le juge d\u2019instruction allait finir par comprendre qu\u2019il s\u2019agissait d\u2019un complot et qu\u2019Ali Ghediri a \u00e9t\u00e9 mis en isolement \u00e0 cause de sa candidature aux \u00e9lections pr\u00e9sidentielles d\u2019avril 2019.<\/p>\n<p>Le 12 juillet prochain nous d\u00e9poserons une troisi\u00e8me demande de libert\u00e9 provisoire, en esp\u00e9rant qu\u2019il y\u2019aura un abandon de la deuxi\u00e8me accusation dont les \u00e9l\u00e9ments sont absents dans le dossier. Nous croyons en la justice alg\u00e9rienne, aux promesses de du pr\u00e9sident qui est le premier magistrat du pays,\u00a0 de m\u00eame que nous refusons toute interf\u00e9rence. Tout ce que nous demandons est que monsieur Ghediri soit jug\u00e9 conform\u00e9ment \u00e0 la loi.<\/p>\n<p>Malgr\u00e9 l\u2019abandon des accusations de trahison Ali Ghediri sera tout de m\u00eame jug\u00e9 \u00e0 la chambre criminelle. Pourquoi ?<\/p>\n<p>Nous avons \u00e9t\u00e9 d\u00e9\u00e7us, de ce point de vue, comme cette accusation a \u00e9t\u00e9 requalifi\u00e9e pour certains d\u00e9tenus contrairement au cas d\u2019Ali Ghdiri. Il a \u00e9t\u00e9 accus\u00e9 d\u2019avoir commis un crime, atteinte au moral de l\u2019arm\u00e9e, dont la peine maximale est de 5 ans.<\/p>\n<p><strong>Qu\u2019en est-il des conditions de son incarc\u00e9ration ?<\/strong><\/p>\n<p>Il n\u2019a jamais parl\u00e9 n\u00e9gativement du comportement du personnel de la prison.<\/p>\n<p><strong>Pourquoi tous ces d\u00e9tails n\u2019ont pas \u00e9t\u00e9 communiqu\u00e9s avant ? S\u2019agissait-il d\u2019une strat\u00e9gie de d\u00e9fense ?<\/strong><\/p>\n<p>Le dossier d\u2019Ali Ghediri a \u00e9t\u00e9 consid\u00e9r\u00e9, d\u00e8s le d\u00e9but, comme \u00e9tant ordinaire, \u00e0 savoir une personne qui n\u2019est pas reconnue comme d\u00e9tenu d\u2019opinion. Pourtant, il a \u00e9t\u00e9 incarc\u00e9r\u00e9 parce qu\u2019il s\u2019est pr\u00e9sent\u00e9 aux \u00e9lections pr\u00e9sidentielles d\u2019avril 2019. Et\u00a0 peu de gens connaissent cette v\u00e9rit\u00e9. Nous avons tent\u00e9 plusieurs fois de m\u00e9diatiser l\u2019affaire, mais l\u2019instruction a pris beaucoup de temps. Nous n\u2019avions pas d\u2019informations \u00e0 donner sauf que le dossier est au niveau du juge d\u2019instruction ou \u00e0 la chambre d\u2019accusation. Mais depuis de 18 mars, nous avons quand m\u00eame enregistr\u00e9 une importante couverture m\u00e9diatique suite au d\u00e9clenchement de l\u2019instruction compl\u00e9mentaire.<\/p>\n<p><iframe loading=\"lazy\" allow=\"accelerometer; autoplay; encrypted-media; gyroscope; picture-in-picture\" allowfullscreen=\"\" frameborder=\"0\" height=\"315\" src=\"https:\/\/www.youtube.com\/embed\/JuwExWSPTfs\" width=\"560\">[embedded content]<\/iframe><\/p>\n<p class=\"c6\"><strong>Entretien r\u00e9alis\u00e9 par Mohamed Iouanoughen \/ Kenza Sifi<\/strong><\/p>\n<\/div>\n<div id=\"text_core\" readability=\"142\">\n<p><em><strong>Me Nabila Slimi est membre du collectif de la d\u00e9fense du g\u00e9n\u00e9ral \u00e0 la retraite, Ali Ghediri, plac\u00e9 en d\u00e9tention provisoire depuis le 13 juin 2019, \u00e0 la prison d\u2019El Harrach, dans la banlieue Est d\u2019Alger.<\/strong><\/em><\/p>\n<p><strong>La d\u00e9fense d\u2019Ali Ghdiri a peu communiqu\u00e9 sur l\u2019affaire du g\u00e9n\u00e9ral \u00e0 la retraite, o\u00f9 en est son dossier ?\u00a0<\/strong><\/p>\n<p>Il y a eu, en effet, \u00a0une tr\u00e8s faible couverture m\u00e9diatique de l\u2019affaire, comme de lourdes accusations pesaient sur la personne de Ali Ghediri, \u00e0 savoir trahison et complicit\u00e9, ainsi que atteinte au moral des troupes. \u00a0\u00a0<\/p>\n<p>Le dossier est d\u2019abord rest\u00e9 une ann\u00e9e au niveau de l\u2019instruction. \u00a0Il \u00a0a \u00e9t\u00e9 trait\u00e9\u00a0 en premi\u00e8re instance au tribunal de Dar El beida. En mars 2020, le juge d\u2019instruction a d\u00e9cid\u00e9 d\u2019envoyer le dossier avec une ordonnance \u00e0 la chambre d\u2019accusation qui a fix\u00e9 une date pour l\u2019examiner. Le 18 mars donc, la chmabre d\u2019accusation a ordonn\u00e9 une instruction compl\u00e9mentaire et le juge d\u2019instruction a instruit le dossier partiellement en raison des conditions sanitaires li\u00e9es \u00e0a la pand\u00e9mie du\u00a0 Covid-19. En mai, le dossier a \u00e9t\u00e9 renvoy\u00e9 \u00e0 la chambre d\u2019accusation qui l\u2019a\u00a0 r\u00e9examin\u00e9 15 jours apr\u00e8s, soit le 3 juin. \u00a0<\/p>\n<p>Le 10 juin,\u00a0 la chambre d\u2019accusation a rendu son \u00a0verdict. Monsieur Ali Ghediri n\u2019\u00e9tait plus accus\u00e9 de trahison, mais seulement d\u2019atteinte au moral des troupes, avec rejet, pour la seconde fois, de la demande de libert\u00e9 provisoire.<\/p>\n<p>A partir du 10 juin 2020, on avait deux choix\u00a0: attendre que le tribunal criminel programme l\u2019audience de son proc\u00e8s ou de passer par un pourvoi\u00a0 de cassation aupr\u00e8s de la cour supr\u00eame, et c\u2019est pour la deuxi\u00e8me option qu\u2019a opt\u00e9 Ali Ghedir.<\/p>\n<p><strong>Pourquoi le choix du pourvoi de cassation\u00a0?<\/strong><\/p>\n<p>Ali Ghediri \u00e9tait \u00e0 moiti\u00e9 satisfait. Autant il n\u2019y a jamais eu lieu de trahison, autant il rejette cat\u00e9goriquement l\u2019accusation portant atteinte au moral des troupes. Nous avons donc respect\u00e9 son choix. On a fait le pourvoi en cassation le 15 juin 2020 et nous avons d\u00e9pos\u00e9 hier le m\u00e9moire comportant tous les justificatifs y aff\u00e9rant au niveau de la chambre criminelle de la cour supr\u00eame. \u00a0<\/p>\n<p>Mais opter pour cette option retarde forc\u00e9ment la programmation du proc\u00e8s\u00a0?<\/p>\n<p>Nous sommes, malheureusement, face \u00e0 une situation que nous ne souhaitions pas. Le dossier se trouve maintenant au niveau du service de pourvoi de la cour d\u2019Alger. Il doit imp\u00e9rativement rester dans ce service conform\u00e9ment \u00e0 la proc\u00e9dure p\u00e9nale. Nous avons ainsi \u00a0un d\u00e9lai de 60 jours pour d\u00e9poser nos m\u00e9moires. Ajouter \u00e0 cela deux mois suppl\u00e9mentaires pour que la cour d\u2019Alger envoie le dossier \u00e0 la chambre criminelle de la\u00a0 Cour supr\u00eame. Nous ne pouvons donc rien faire avant le 20 ou le 25 octobre 2020. Il faut savoir aussi qu\u2019aucun d\u00e9lai n\u2019est fix\u00e9 \u00e0 la Cour supr\u00eame pour statuer sur le dossier, cela peut donc prendre trois comme six mois. Et pendant cette p\u00e9riode, monsieur Ali Ghediri restera derri\u00e8re les barreaux. \u00a0<\/p>\n<p><strong>Est-il vrai qu\u2019Ali Ghediri a refus\u00e9 de b\u00e9n\u00e9ficier d\u2019une remise en libert\u00e9 provisoire ?<\/strong><\/p>\n<p>Il a plut\u00f4t refus\u00e9 qu\u2019il soit lib\u00e9r\u00e9 par piti\u00e9, avec maintien des accusations qu\u2019ils rejettent cat\u00e9goriquement .Etant donn\u00e9 que nous sommes face \u00e0 un dossier o\u00f9 les \u00e9l\u00e9ments mat\u00e9riels des deux accusations n\u2019y figurent pas, nous avions donc tous rejet\u00e9 ces poursuites. Nous pensions que le juge d\u2019instruction allait finir par comprendre qu\u2019il s\u2019agissait d\u2019un complot et qu\u2019Ali Ghediri a \u00e9t\u00e9 mis en isolement \u00e0 cause de sa candidature aux \u00e9lections pr\u00e9sidentielles d\u2019avril 2019.<\/p>\n<p>Le 12 juillet prochain nous d\u00e9poserons une troisi\u00e8me demande de libert\u00e9 provisoire, en esp\u00e9rant qu\u2019il y\u2019aura un abandon de la deuxi\u00e8me accusation dont les \u00e9l\u00e9ments sont absents dans le dossier. Nous croyons en la justice alg\u00e9rienne, aux promesses de du pr\u00e9sident qui est le premier magistrat du pays,\u00a0 de m\u00eame que nous refusons toute interf\u00e9rence. Tout ce que nous demandons est que monsieur Ghediri soit jug\u00e9 conform\u00e9ment \u00e0 la loi.<\/p>\n<p>Malgr\u00e9 l\u2019abandon des accusations de trahison Ali Ghediri sera tout de m\u00eame jug\u00e9 \u00e0 la chambre criminelle. Pourquoi ?<\/p>\n<p>Nous avons \u00e9t\u00e9 d\u00e9\u00e7us, de ce point de vue, comme cette accusation a \u00e9t\u00e9 requalifi\u00e9e pour certains d\u00e9tenus contrairement au cas d\u2019Ali Ghdiri. Il a \u00e9t\u00e9 accus\u00e9 d\u2019avoir commis un crime, atteinte au moral de l\u2019arm\u00e9e, dont la peine maximale est de 5 ans.<\/p>\n<p><strong>Qu\u2019en est-il des conditions de son incarc\u00e9ration ?<\/strong><\/p>\n<p>Il n\u2019a jamais parl\u00e9 n\u00e9gativement du comportement du personnel de la prison.<\/p>\n<p><strong>Pourquoi tous ces d\u00e9tails n\u2019ont pas \u00e9t\u00e9 communiqu\u00e9s avant ? S\u2019agissait-il d\u2019une strat\u00e9gie de d\u00e9fense ?<\/strong><\/p>\n<p>Le dossier d\u2019Ali Ghediri a \u00e9t\u00e9 consid\u00e9r\u00e9, d\u00e8s le d\u00e9but, comme \u00e9tant ordinaire, \u00e0 savoir une personne qui n\u2019est pas reconnue comme d\u00e9tenu d\u2019opinion. Pourtant, il a \u00e9t\u00e9 incarc\u00e9r\u00e9 parce qu\u2019il s\u2019est pr\u00e9sent\u00e9 aux \u00e9lections pr\u00e9sidentielles d\u2019avril 2019. Et\u00a0 peu de gens connaissent cette v\u00e9rit\u00e9. Nous avons tent\u00e9 plusieurs fois de m\u00e9diatiser l\u2019affaire, mais l\u2019instruction a pris beaucoup de temps. Nous n\u2019avions pas d\u2019informations \u00e0 donner sauf que le dossier est au niveau du juge d\u2019instruction ou \u00e0 la chambre d\u2019accusation. Mais depuis de 18 mars, nous avons quand m\u00eame enregistr\u00e9 une importante couverture m\u00e9diatique suite au d\u00e9clenchement de l\u2019instruction compl\u00e9mentaire.<\/p>\n<p><iframe loading=\"lazy\" allow=\"accelerometer; autoplay; encrypted-media; gyroscope; picture-in-picture\" allowfullscreen=\"\" frameborder=\"0\" height=\"315\" src=\"https:\/\/www.youtube.com\/embed\/JuwExWSPTfs\" width=\"560\">[embedded content]<\/iframe><\/p>\n<p class=\"c6\"><strong>Entretien r\u00e9alis\u00e9 par Mohamed Iouanoughen \/ Kenza Sifi<\/strong><\/p>\n<\/div>\n<p>Auteur:<br \/>\n<a href=\"https:\/\/www.liberte-algerie.com\/actualite\/le-proces-dali-ghediri-est-encore-loin-et-nous-esperons-la-liberte-provisoire-341707\">Cliquez ici pour lire l&rsquo;article depuis sa source.<\/a><\/p>\n","protected":false},"excerpt":{"rendered":"<p>Me Nabila Slimi est membre du collectif de la d\u00e9fense du g\u00e9n\u00e9ral \u00e0 la retraite, Ali Ghediri, plac\u00e9 en d\u00e9tention provisoire depuis le 13 juin 2019, \u00e0 la prison d\u2019El Harrach, dans la banlieue Est d\u2019Alger. La d\u00e9fense d\u2019Ali Ghdiri a peu communiqu\u00e9 sur l\u2019affaire du g\u00e9n\u00e9ral \u00e0 la retraite, o\u00f9 en est son dossier [&hellip;]<\/p>\n","protected":false},"author":1742,"featured_media":0,"comment_status":"closed","ping_status":"closed","sticky":false,"template":"","format":"standard","meta":{"fifu_image_url":"","fifu_image_alt":"","footnotes":""},"categories":[73,53],"tags":[],"class_list":["post-91624","post","type-post","status-publish","format-standard","hentry","category-actualite","category-algerie"],"_links":{"self":[{"href":"https:\/\/linitiative.ca\/International\/wp-json\/wp\/v2\/posts\/91624","targetHints":{"allow":["GET"]}}],"collection":[{"href":"https:\/\/linitiative.ca\/International\/wp-json\/wp\/v2\/posts"}],"about":[{"href":"https:\/\/linitiative.ca\/International\/wp-json\/wp\/v2\/types\/post"}],"author":[{"embeddable":true,"href":"https:\/\/linitiative.ca\/International\/wp-json\/wp\/v2\/users\/1742"}],"replies":[{"embeddable":true,"href":"https:\/\/linitiative.ca\/International\/wp-json\/wp\/v2\/comments?post=91624"}],"version-history":[{"count":0,"href":"https:\/\/linitiative.ca\/International\/wp-json\/wp\/v2\/posts\/91624\/revisions"}],"wp:attachment":[{"href":"https:\/\/linitiative.ca\/International\/wp-json\/wp\/v2\/media?parent=91624"}],"wp:term":[{"taxonomy":"category","embeddable":true,"href":"https:\/\/linitiative.ca\/International\/wp-json\/wp\/v2\/categories?post=91624"},{"taxonomy":"post_tag","embeddable":true,"href":"https:\/\/linitiative.ca\/International\/wp-json\/wp\/v2\/tags?post=91624"}],"curies":[{"name":"wp","href":"https:\/\/api.w.org\/{rel}","templated":true}]}}