{"id":91626,"date":"2020-07-07T21:29:49","date_gmt":"2020-07-08T01:29:49","guid":{"rendered":"https:\/\/linitiative.ca\/International\/indh-premiere-reunion-du-comite-de-coordination-provincial\/"},"modified":"2020-07-07T21:29:49","modified_gmt":"2020-07-08T01:29:49","slug":"indh-premiere-reunion-du-comite-de-coordination-provincial","status":"publish","type":"post","link":"https:\/\/linitiative.ca\/International\/indh-premiere-reunion-du-comite-de-coordination-provincial\/","title":{"rendered":"INDH: Premi\u00e8re r\u00e9union du Comit\u00e9 de Coordination Provincial"},"content":{"rendered":"<div class=\"single-featured\"><img alt=\"\" data-src=\"http:\/\/www.mapmarrakech.ma\/map\/uploads\/2019\/01\/indh-copier.jpg\"\/><\/div>\n<div class=\"single-post-excerpt post-excerpt-bc\" readability=\"36\">\n<p>Essaouira- La premi\u00e8re r\u00e9union du Comit\u00e9 de Coordination Provincial (CCP), qui s\u2019inscrit dans le cadre du programme 3 de la phase III de l\u2019Initiative Nationale pour le D\u00e9veloppement Humain (INDH) (2019-2023), a \u00e9t\u00e9 tenue mardi \u00e0 Essaouira.<\/p>\n<\/div>\n<div class=\"entry-content clearfix single-post-content\" readability=\"66\">\n<p>Ce programme 3 porte sur l\u2019am\u00e9lioration des revenus et l\u2019inclusion \u00e9conomique des jeunes par le biais de la promotion de l\u2019employabilit\u00e9 et l\u2019am\u00e9lioration de l\u2019acc\u00e8s des jeunes cibl\u00e9s aux opportunit\u00e9s \u00e9conomiques au niveau de la province, \u00e0 travers la cr\u00e9ation et l\u2019activation d\u2019un Espace d\u2019Emploi des Jeunes (EEJ), qui sera mis en place \u00e0 la collectivit\u00e9 territoriale de Tamanar, en tant que syst\u00e8me pour la fourniture de donn\u00e9es, de services personnalis\u00e9s, d\u2019orientation et d\u2019appui aux jeunes, et l\u2019organisation de programmes de formation adapt\u00e9s aux besoins du march\u00e9 du travail sur les plans local, provincial et r\u00e9gional, indique un communiqu\u00e9 de la Division de l\u2019Action Sociale (DAS) relevant de la pr\u00e9fecture d\u2019Essaouira.<\/p>\n<p>Cette r\u00e9union, la premi\u00e8re du CCP au niveau de la r\u00e9gion Marrakech-Safi, a \u00e9t\u00e9 marqu\u00e9e au d\u00e9but par un mot d\u2019orientation du gouverneur de la province d\u2019Essaouira et pr\u00e9sident du Comit\u00e9 Provincial du D\u00e9veloppement Humain (CPDH), M. Adil El Maliki, suivi d\u2019une allocution du directeur du Centre R\u00e9gional d\u2019investissement de Marrakech-Safi, M. Yassine Mseffer.<\/p>\n<p>Par la suite, le repr\u00e9sentant du bureau d\u2019\u00e9tudes \u00ab\u00a0Grant Thornton\u00a0\u00bb a pr\u00e9sent\u00e9 un expos\u00e9 ax\u00e9 essentiellement sur les phases de r\u00e9alisation du programme 3 dans la province d\u2019Essaouira, le programme d\u2019action 2020 et les futures \u00e9tapes.<\/p>\n<p>De son c\u00f4t\u00e9, le chef de la Division de l\u2019Action Sociale \u00e0 la pr\u00e9fecture d\u2019Essaouira, M. Abdessamad Khairi, a pr\u00e9sent\u00e9 un expos\u00e9 dans lequel il a abord\u00e9 les \u00e9tapes franchies par ledit programme depuis son lancement dans la province ainsi que les \u00e9tapes prochaines.<\/p>\n<\/div>\n<p>Auteur: Meriem IGASS<br \/>\n<a href=\"http:\/\/www.mapmarrakech.ma\/fr\/indh-premiere-reunion-du-comite-de-coordination-provincial\/\">Cliquez ici pour lire l&rsquo;article depuis sa source.<\/a><\/p>\n","protected":false},"excerpt":{"rendered":"<p>Essaouira- La premi\u00e8re r\u00e9union du Comit\u00e9 de Coordination Provincial (CCP), qui s\u2019inscrit dans le cadre du programme 3 de la phase III de l\u2019Initiative Nationale pour le D\u00e9veloppement Humain (INDH) (2019-2023), a \u00e9t\u00e9 tenue mardi \u00e0 Essaouira. Ce programme 3 porte sur l\u2019am\u00e9lioration des revenus et l\u2019inclusion \u00e9conomique des jeunes par le biais de la [&hellip;]<\/p>\n","protected":false},"author":1788,"featured_media":91627,"comment_status":"closed","ping_status":"closed","sticky":false,"template":"","format":"standard","meta":{"fifu_image_url":"","fifu_image_alt":"","footnotes":""},"categories":[54,76],"tags":[],"class_list":["post-91626","post","type-post","status-publish","format-standard","has-post-thumbnail","hentry","category-maroc","category-regions"],"_links":{"self":[{"href":"https:\/\/linitiative.ca\/International\/wp-json\/wp\/v2\/posts\/91626","targetHints":{"allow":["GET"]}}],"collection":[{"href":"https:\/\/linitiative.ca\/International\/wp-json\/wp\/v2\/posts"}],"about":[{"href":"https:\/\/linitiative.ca\/International\/wp-json\/wp\/v2\/types\/post"}],"author":[{"embeddable":true,"href":"https:\/\/linitiative.ca\/International\/wp-json\/wp\/v2\/users\/1788"}],"replies":[{"embeddable":true,"href":"https:\/\/linitiative.ca\/International\/wp-json\/wp\/v2\/comments?post=91626"}],"version-history":[{"count":0,"href":"https:\/\/linitiative.ca\/International\/wp-json\/wp\/v2\/posts\/91626\/revisions"}],"wp:featuredmedia":[{"embeddable":true,"href":"https:\/\/linitiative.ca\/International\/wp-json\/"}],"wp:attachment":[{"href":"https:\/\/linitiative.ca\/International\/wp-json\/wp\/v2\/media?parent=91626"}],"wp:term":[{"taxonomy":"category","embeddable":true,"href":"https:\/\/linitiative.ca\/International\/wp-json\/wp\/v2\/categories?post=91626"},{"taxonomy":"post_tag","embeddable":true,"href":"https:\/\/linitiative.ca\/International\/wp-json\/wp\/v2\/tags?post=91626"}],"curies":[{"name":"wp","href":"https:\/\/api.w.org\/{rel}","templated":true}]}}