{"id":91629,"date":"2020-07-08T09:48:11","date_gmt":"2020-07-08T13:48:11","guid":{"rendered":"https:\/\/linitiative.ca\/International\/des-mesures-preventives-contre-des-cas-dinfection-a-la-covid-19\/"},"modified":"2020-07-08T09:48:11","modified_gmt":"2020-07-08T13:48:11","slug":"des-mesures-preventives-contre-des-cas-dinfection-a-la-covid-19","status":"publish","type":"post","link":"https:\/\/linitiative.ca\/International\/des-mesures-preventives-contre-des-cas-dinfection-a-la-covid-19\/","title":{"rendered":"Des mesures pr\u00e9ventives contre des cas d\u2019infection \u00e0 la Covid-19"},"content":{"rendered":"<div class=\"single-featured\"><img alt=\"\" data-src=\"http:\/\/www.mapmarrakech.ma\/map\/uploads\/2020\/07\/vraiaufaux.jpg\"\/><\/div>\n<div class=\"single-post-excerpt post-excerpt-bc\" readability=\"36\">\n<p>Youssoufia \u2013 Les autorit\u00e9s provinciales de Youssoufia ont annonc\u00e9 une batterie de mesures pr\u00e9ventives n\u00e9cessaires afin d\u2019\u00e9viter l\u2019apparition de cas d\u2019infection au nouveau coronavirus (Covid-19) dans la province, suite \u00e0 la d\u00e9couverte de foyers \u00e9pid\u00e9miologiques en milieu professionnel dans des villes avoisinantes.<\/p>\n<\/div>\n<div class=\"entry-content clearfix single-post-content\" readability=\"69\">\n<p>Cette annonce a \u00e9t\u00e9 faite lors d\u2019une r\u00e9union du comit\u00e9 provincial de veille, tenue r\u00e9cemment au si\u00e8ge de la pr\u00e9fecture de la province pour l\u2019\u00e9valuation de la situation \u00e9pid\u00e9miologique au niveau de cette partie du territoire national.<\/p>\n<p>Sur la base de l\u2019\u00e9valuation op\u00e9r\u00e9e par ledit comit\u00e9, il a \u00e9t\u00e9 d\u00e9cid\u00e9 que les d\u00e9placements vers les villes enregistrant des foyers \u00e9pid\u00e9miologiques soient soumis \u00e0 l\u2019obtention de l\u2019autorisation des autorit\u00e9s locales, pr\u00e9cise un communiqu\u00e9 de la pr\u00e9fecture de la province.<\/p>\n<p>Et la m\u00eame source de souligner qu\u2019il a \u00e9t\u00e9 aussi d\u00e9cid\u00e9 de limiter les d\u00e9placements non n\u00e9cessaires de et vers la province et de d\u00e9terminer la liste des personnes contacts, afin de les soumettre aux tests de d\u00e9pistage et aux mesures de confinement sanitaire.<\/p>\n<p>Il a \u00e9t\u00e9, en outre, d\u00e9cid\u00e9 de continuer \u00e0 soumettre les personnes en provenance des provinces enregistrant des foyers \u00e9pid\u00e9miologiques aux tests de d\u00e9pistage n\u00e9cessaires et au confinement sanitaire, d\u2019intensifier l\u2019op\u00e9ration de d\u00e9pistage pour certaines cat\u00e9gories de professionnels, de poursuivre les campagnes de conscientisation et de sensibilisation au niveau des diff\u00e9rentes collectivit\u00e9s territoriales relevant de la province et de renforcer le contr\u00f4le du respect des mesures barri\u00e8res, notamment la distanciation physique et le port du masque de protection.<\/p>\n<p>Le comit\u00e9 provincial de veille a, par ailleurs, appel\u00e9 les citoyennes et citoyens \u00e0 se conformer \u00e0 ces mesures pour pr\u00e9server leur s\u00e9curit\u00e9 sanitaire contre cette pand\u00e9mie et \u00e0 ne pas c\u00e9der aux rumeurs et aux informations mensong\u00e8res au sujet de la situation \u00e9pid\u00e9miologique dans la province, qui sont susceptibles de semer la panique parmi la population.<\/p>\n<p>Il a, dans ce sens, affirm\u00e9 que les mesures n\u00e9cessaires seront prises \u00e0 l\u2019encontre de leurs propagateurs conform\u00e9ment aux dispositions l\u00e9gales en vigueur.<\/p>\n<\/div>\n<p>Auteur: Meriem IGASS<br \/>\n<a href=\"http:\/\/www.mapmarrakech.ma\/fr\/des-mesures-preventives-contre-lapparition-de-cas-dinfection-a-la-covid-19\/\">Cliquez ici pour lire l&rsquo;article depuis sa source.<\/a><\/p>\n","protected":false},"excerpt":{"rendered":"<p>Youssoufia \u2013 Les autorit\u00e9s provinciales de Youssoufia ont annonc\u00e9 une batterie de mesures pr\u00e9ventives n\u00e9cessaires afin d\u2019\u00e9viter l\u2019apparition de cas d\u2019infection au nouveau coronavirus (Covid-19) dans la province, suite \u00e0 la d\u00e9couverte de foyers \u00e9pid\u00e9miologiques en milieu professionnel dans des villes avoisinantes. Cette annonce a \u00e9t\u00e9 faite lors d\u2019une r\u00e9union du comit\u00e9 provincial de veille, [&hellip;]<\/p>\n","protected":false},"author":1788,"featured_media":91630,"comment_status":"closed","ping_status":"closed","sticky":false,"template":"","format":"standard","meta":{"fifu_image_url":"","fifu_image_alt":"","footnotes":""},"categories":[54,76],"tags":[],"class_list":["post-91629","post","type-post","status-publish","format-standard","has-post-thumbnail","hentry","category-maroc","category-regions"],"_links":{"self":[{"href":"https:\/\/linitiative.ca\/International\/wp-json\/wp\/v2\/posts\/91629","targetHints":{"allow":["GET"]}}],"collection":[{"href":"https:\/\/linitiative.ca\/International\/wp-json\/wp\/v2\/posts"}],"about":[{"href":"https:\/\/linitiative.ca\/International\/wp-json\/wp\/v2\/types\/post"}],"author":[{"embeddable":true,"href":"https:\/\/linitiative.ca\/International\/wp-json\/wp\/v2\/users\/1788"}],"replies":[{"embeddable":true,"href":"https:\/\/linitiative.ca\/International\/wp-json\/wp\/v2\/comments?post=91629"}],"version-history":[{"count":0,"href":"https:\/\/linitiative.ca\/International\/wp-json\/wp\/v2\/posts\/91629\/revisions"}],"wp:featuredmedia":[{"embeddable":true,"href":"https:\/\/linitiative.ca\/International\/wp-json\/"}],"wp:attachment":[{"href":"https:\/\/linitiative.ca\/International\/wp-json\/wp\/v2\/media?parent=91629"}],"wp:term":[{"taxonomy":"category","embeddable":true,"href":"https:\/\/linitiative.ca\/International\/wp-json\/wp\/v2\/categories?post=91629"},{"taxonomy":"post_tag","embeddable":true,"href":"https:\/\/linitiative.ca\/International\/wp-json\/wp\/v2\/tags?post=91629"}],"curies":[{"name":"wp","href":"https:\/\/api.w.org\/{rel}","templated":true}]}}