{"id":91645,"date":"2020-07-08T08:35:41","date_gmt":"2020-07-08T12:35:41","guid":{"rendered":"https:\/\/linitiative.ca\/International\/la-reponse-du-societaire-de-manchester-united-hannibal-mejbri-se-fait-attendre\/"},"modified":"2020-07-08T08:35:41","modified_gmt":"2020-07-08T12:35:41","slug":"la-reponse-du-societaire-de-manchester-united-hannibal-mejbri-se-fait-attendre","status":"publish","type":"post","link":"https:\/\/linitiative.ca\/International\/la-reponse-du-societaire-de-manchester-united-hannibal-mejbri-se-fait-attendre\/","title":{"rendered":"La r\u00e9ponse du soci\u00e9taire  de Manchester United,  Hannibal Mejbri, se fait attendre"},"content":{"rendered":"<p class=\"p1 c2\"><strong><em>Convoqu\u00e9 pour la premi\u00e8re fois en s\u00e9lection, le jeune franco-tunisien, Hannibal Mejbri n\u2019a toujours pas donn\u00e9 sa confirmation \u00e0 la FTF, selon Gnet.news.<\/em><\/strong><\/p>\n<p class=\"p1 c2\"><strong><em>Arriv\u00e9 en Tunisie accompagn\u00e9 de sa famille pour les vacances, Hannibal Mejbri a re\u00e7u la visite du pr\u00e9sident de la FTF, Wadii Jarii pour le persuader de rejoindre le nid des Aigles du Carthage. Dans le but de le voir d\u00e9buter d\u00e8s le match d\u2019ouverture des \u00e9liminatoires de la Coupe du monde Qatar 2022, la F\u00e9d\u00e9ration attend toujours une confirmation du jeune milieu de Manchester United.<\/em><\/strong><\/p>\n<p class=\"p1 c2\"><strong><em>Si Hannibal Mejbri, 17 ans avait affich\u00e9 son d\u00e9sir de porter la tunique tunisienne, il prend quand-m\u00eame tout son temps pour se d\u00e9cider.<span class=\"Apple-converted-space\">\u00a0<\/span><\/em><\/strong><\/p>\n<p class=\"p1 c2\"><strong><em>D\u2019apr\u00e8s le Red de Manchester<span class=\"Apple-converted-space\">\u00a0<\/span> United, son p\u00e8re et son agent l\u2019ont conseill\u00e9 d\u2019opter pour la Tunisie. Ce qui semble d\u00e9j\u00e0 un atout favorable pour les Aigles de Carthage.<\/em><\/strong><\/p>\n<p class=\"p1 c2\"><strong><em>Avec 5 matches et 3 passes d\u00e9cisives avec les U18, Hannibal Mejbri a d\u00e9voil\u00e9 ses qualit\u00e9s. Il pourrait rejoindre l\u2019\u00e9quipe A de Man United la saison prochaine.<\/em><\/strong><\/p>\n<p class=\"p2 c3\"><strong>R.B.A<\/strong><\/p>\n<p>Auteur: letemps1<br \/>\n<a href=\"http:\/\/www.letemps.com.tn\/article\/115466\/la-r%C3%A9ponse-du-soci%C3%A9taire-de-manchester-united-hannibal-mejbri-se-fait-attendre\">Cliquez ici pour lire l&rsquo;article depuis sa source.<\/a><\/p>\n","protected":false},"excerpt":{"rendered":"<p>Convoqu\u00e9 pour la premi\u00e8re fois en s\u00e9lection, le jeune franco-tunisien, Hannibal Mejbri n\u2019a toujours pas donn\u00e9 sa confirmation \u00e0 la FTF, selon Gnet.news. Arriv\u00e9 en Tunisie accompagn\u00e9 de sa famille pour les vacances, Hannibal Mejbri a re\u00e7u la visite du pr\u00e9sident de la FTF, Wadii Jarii pour le persuader de rejoindre le nid des Aigles [&hellip;]<\/p>\n","protected":false},"author":1773,"featured_media":0,"comment_status":"closed","ping_status":"closed","sticky":false,"template":"","format":"standard","meta":{"fifu_image_url":"","fifu_image_alt":"","footnotes":""},"categories":[73,55],"tags":[],"class_list":["post-91645","post","type-post","status-publish","format-standard","hentry","category-actualite","category-tunisie"],"_links":{"self":[{"href":"https:\/\/linitiative.ca\/International\/wp-json\/wp\/v2\/posts\/91645","targetHints":{"allow":["GET"]}}],"collection":[{"href":"https:\/\/linitiative.ca\/International\/wp-json\/wp\/v2\/posts"}],"about":[{"href":"https:\/\/linitiative.ca\/International\/wp-json\/wp\/v2\/types\/post"}],"author":[{"embeddable":true,"href":"https:\/\/linitiative.ca\/International\/wp-json\/wp\/v2\/users\/1773"}],"replies":[{"embeddable":true,"href":"https:\/\/linitiative.ca\/International\/wp-json\/wp\/v2\/comments?post=91645"}],"version-history":[{"count":0,"href":"https:\/\/linitiative.ca\/International\/wp-json\/wp\/v2\/posts\/91645\/revisions"}],"wp:attachment":[{"href":"https:\/\/linitiative.ca\/International\/wp-json\/wp\/v2\/media?parent=91645"}],"wp:term":[{"taxonomy":"category","embeddable":true,"href":"https:\/\/linitiative.ca\/International\/wp-json\/wp\/v2\/categories?post=91645"},{"taxonomy":"post_tag","embeddable":true,"href":"https:\/\/linitiative.ca\/International\/wp-json\/wp\/v2\/tags?post=91645"}],"curies":[{"name":"wp","href":"https:\/\/api.w.org\/{rel}","templated":true}]}}