{"id":91646,"date":"2020-07-08T08:36:54","date_gmt":"2020-07-08T12:36:54","guid":{"rendered":"https:\/\/linitiative.ca\/International\/quelle-alternative-en-cas-dun-probable-retrait-de-moncef-khemakhem\/"},"modified":"2020-07-08T08:36:54","modified_gmt":"2020-07-08T12:36:54","slug":"quelle-alternative-en-cas-dun-probable-retrait-de-moncef-khemakhem","status":"publish","type":"post","link":"https:\/\/linitiative.ca\/International\/quelle-alternative-en-cas-dun-probable-retrait-de-moncef-khemakhem\/","title":{"rendered":"Quelle alternative en cas d&rsquo;un probable   retrait de Moncef Khemakhem?"},"content":{"rendered":"<p class=\"p1 c3\"><span class=\"c2\">Le CSS a d\u00e9cid\u00e9 de reporter son assembm\u00e9e g\u00e9n\u00e9rale \u00e9lective qui \u00e9tait pr\u00e9vue initialement pour la deuxi\u00e8me quinzaine du mois de juillet courant l&rsquo;assembl\u00e9e g\u00e9n\u00e9rale \u00e9lective. L&rsquo;impossibilit\u00e9 d&rsquo;\u00e9tablir le rapport<span class=\"Apple-converted-space\">\u00a0<\/span> financier \u00e0 cette date est derri\u00e8re ce report.<\/span><\/p>\n<p class=\"p1 c3\"><span class=\"c2\"><span class=\"Apple-converted-space\">\u00a0<\/span>Mais au del\u00e0 du d\u00e9calage du congr\u00e8s du club \u00ab\u00a0Noir et Balnc\u00a0\u00bb trr\u00e8s probablement pour la fin de la saison, le public est, pour le m^ment dans l&rsquo;expectative concernant le nom du prochain pr\u00e9sident.<\/span><\/p>\n<p class=\"p2 c4\">\u00a0<\/p>\n<p class=\"p3 c5\"><span class=\"c2\"><strong>Khemakhem et l&rsquo;ingratitude<span class=\"Apple-converted-space\">\u00a0<\/span><\/strong><\/span><\/p>\n<p class=\"p3 c5\"><span class=\"c2\"><strong>de pseudos- supporters<\/strong><\/span><\/p>\n<p class=\"p1 c3\"><span class=\"c2\"><span class=\"Apple-converted-space\">\u00a0<\/span>A la t\u00eate du club durant deux mandats cons\u00e9cutifs (4 ann\u00e9es) au cours desquelles il a consenti \u00e9norm\u00e9ment de sacrifices financiers , en contribuant, croyant-nous savoir, \u00e0 hauteur de 12 millions de dinars aux d\u00e9penses du club, Moncef Khemakhem n&rsquo;a pas encore fait savoir s&rsquo;il compte briguer ou non un nouveau mandat.L&rsquo;homme<span class=\"Apple-converted-space\">\u00a0<\/span> qui a d\u00fb faire face, pratiquement seul, \u00e0 la crise financi\u00e8re du club a \u00e9t\u00e9 accabl\u00e9, tout comme ses pr\u00e9d\u00e9cesseurs d&rsquo;ailleurs, par des critiques acerbes exprim\u00e9es souvent en<span class=\"Apple-converted-space\">\u00a0<\/span> termes d\u00e9plac\u00e9s, voire orduriers, n&rsquo;est pas enthousism\u00e9 pour poursuivre. Avec tout ce qu&rsquo;il a endur\u00e9 il n&rsquo;est pas en effet s\u00fbr que l&rsquo;homme se d\u00e9cide \u00e0 pousuivre son ambitieux programme dont l&rsquo;objectif est de mettre sur pied une \u00e9quipe fortement comp\u00e9titive, compos\u00e9e essentiellemnt du cru du club. Ce programe qui permettrait donc au CSS de puiser principalement dans son terroire (formation des jeunes) sans recourir syst\u00e8matiquement au recrutement commence \u00e0 donn\u00e9er ses fruits avec l&rsquo;\u00e9closion d&rsquo;une pl\u00e9iade de jeunes au talent ind\u00e9niable parmi lesquels on pourrait citer, entre autres les Alaeddine Ghram, Hamdi Sellami Achraf Habassi, Bechir Ghariani, Oussama Bahriet autre Azmi Ghouma.<\/span><\/p>\n<p class=\"p2 c4\">\u00a0<\/p>\n<p class=\"p3 c5\"><span class=\"c2\"><strong>La bonne volont\u00e9 de Sellami<span class=\"Apple-converted-space\">\u00a0<\/span><\/strong><\/span><\/p>\n<p class=\"p3 c5\"><span class=\"c2\"><strong>ne lui suffira pas pour un \u00e9ventuel retour \u00e0 la t\u00eate du club<\/strong><\/span><\/p>\n<p class=\"p1 c3\"><span class=\"c2\">Au cas o\u00f9 Moncef Khemakhem choisirait de remettre comme on dit le tablier, le public sfaxien ne voit pas, pour le moment du moins, une autre personnalit\u00e9 en mesure de prendre le relai. Moncef Sellami pr\u00e9sent\u00e9 par une partie du public comme \u00e9tant l&rsquo;alternative indiqu\u00e9e ne nous semble pas en mesure d&rsquo;assumer une responsabilit\u00e9 pareille aussi lourdes et aussi obligeante \u00e0 cause d&rsquo;abord de l&rsquo;\u00e2ge de l&rsquo;homme (plus de 80 ans) et, ensuite, du fait qu&rsquo;il r\u00e9side \u00e0 Tunis, le centre de ses affaires.<\/span><\/p>\n<p class=\"p4 c6\"><span class=\"c2\"><strong>Ameur KERKENNI<\/strong><\/span><\/p>\n<p>Auteur: letemps1<br \/>\n<a href=\"http:\/\/www.letemps.com.tn\/article\/115467\/quelle-alternative-en-cas-dun-probable-retrait-de-moncef-khemakhem\">Cliquez ici pour lire l&rsquo;article depuis sa source.<\/a><\/p>\n","protected":false},"excerpt":{"rendered":"<p>Le CSS a d\u00e9cid\u00e9 de reporter son assembm\u00e9e g\u00e9n\u00e9rale \u00e9lective qui \u00e9tait pr\u00e9vue initialement pour la deuxi\u00e8me quinzaine du mois de juillet courant l&rsquo;assembl\u00e9e g\u00e9n\u00e9rale \u00e9lective. L&rsquo;impossibilit\u00e9 d&rsquo;\u00e9tablir le rapport\u00a0 financier \u00e0 cette date est derri\u00e8re ce report. \u00a0Mais au del\u00e0 du d\u00e9calage du congr\u00e8s du club \u00ab\u00a0Noir et Balnc\u00a0\u00bb trr\u00e8s probablement pour la fin [&hellip;]<\/p>\n","protected":false},"author":1773,"featured_media":0,"comment_status":"closed","ping_status":"closed","sticky":false,"template":"","format":"standard","meta":{"fifu_image_url":"","fifu_image_alt":"","footnotes":""},"categories":[73,55],"tags":[],"class_list":["post-91646","post","type-post","status-publish","format-standard","hentry","category-actualite","category-tunisie"],"_links":{"self":[{"href":"https:\/\/linitiative.ca\/International\/wp-json\/wp\/v2\/posts\/91646","targetHints":{"allow":["GET"]}}],"collection":[{"href":"https:\/\/linitiative.ca\/International\/wp-json\/wp\/v2\/posts"}],"about":[{"href":"https:\/\/linitiative.ca\/International\/wp-json\/wp\/v2\/types\/post"}],"author":[{"embeddable":true,"href":"https:\/\/linitiative.ca\/International\/wp-json\/wp\/v2\/users\/1773"}],"replies":[{"embeddable":true,"href":"https:\/\/linitiative.ca\/International\/wp-json\/wp\/v2\/comments?post=91646"}],"version-history":[{"count":0,"href":"https:\/\/linitiative.ca\/International\/wp-json\/wp\/v2\/posts\/91646\/revisions"}],"wp:attachment":[{"href":"https:\/\/linitiative.ca\/International\/wp-json\/wp\/v2\/media?parent=91646"}],"wp:term":[{"taxonomy":"category","embeddable":true,"href":"https:\/\/linitiative.ca\/International\/wp-json\/wp\/v2\/categories?post=91646"},{"taxonomy":"post_tag","embeddable":true,"href":"https:\/\/linitiative.ca\/International\/wp-json\/wp\/v2\/tags?post=91646"}],"curies":[{"name":"wp","href":"https:\/\/api.w.org\/{rel}","templated":true}]}}