{"id":91647,"date":"2020-07-08T08:37:53","date_gmt":"2020-07-08T12:37:53","guid":{"rendered":"https:\/\/linitiative.ca\/International\/les-equipes-concernees-a-pied-doeuvre\/"},"modified":"2020-07-08T08:37:53","modified_gmt":"2020-07-08T12:37:53","slug":"les-equipes-concernees-a-pied-doeuvre","status":"publish","type":"post","link":"https:\/\/linitiative.ca\/International\/les-equipes-concernees-a-pied-doeuvre\/","title":{"rendered":"Les \u00e9quipes concern\u00e9es, \u00e0 pied d\u2019\u0153uvre"},"content":{"rendered":"<p class=\"p1 c3\"><span class=\"c2\"><strong>Apr\u00e8s l\u2019\u00e9pisode des play-offs et l\u2019accession de l\u2019O. Bet l\u2019AS R, place dans un mois aux play-out dans les deux groupes.<span class=\"Apple-converted-space\">\u00a0<\/span><\/strong><\/span><\/p>\n<p class=\"p1 c3\"><span class=\"c2\"><strong>Pour ce rendez-vous tr\u00e8s important, les \u00e9quipes concern\u00e9es ont d\u00e9but\u00e9 leur pr\u00e9paration afin d\u2019\u00eatre fin pr\u00eates pour tenter de sauver leur place en Ligue 2.<span class=\"Apple-converted-space\">\u00a0<\/span><\/strong><\/span><\/p>\n<p class=\"p1 c3\"><span class=\"c2\"><strong>Ainsi, l\u2019ASK, le SSS, l\u2019ASM ont repris les entra\u00eenements depuis une semaine. L\u2019ASK sous la direction d\u2019Ali Ben Naji a repris depuis jeudi dernier \u00e0 raison de 2 s\u00e9ances par jours.<span class=\"Apple-converted-space\">\u00a0<\/span><\/strong><\/span><\/p>\n<p class=\"p1 c3\"><span class=\"c2\"><strong>L\u2019effectif au complet devra effectuer deux stages le premier \u00e0 partir du 20 juillet \u00e0 Hammam Bourguiba, le second \u00e0 partir du 17 ao\u00fbt \u00e0 Sousse.<span class=\"Apple-converted-space\">\u00a0<\/span><\/strong><\/span><\/p>\n<p class=\"p1 c3\"><span class=\"c2\"><strong>Dans le m\u00eame groupe du play-out, l\u2019AS Marsa est revenu \u00e9galement aux entra\u00eenements sous la direction de Hakim Oun.<span class=\"Apple-converted-space\">\u00a0<\/span><\/strong><\/span><\/p>\n<p class=\"p1 c3\"><span class=\"c2\"><strong>Pour le moment les Marsois se contentent de s\u2019entra\u00eener sur la pelouse du stade Chtioui, en attendant de se rendre probablement \u00e0 A\u00efnDrahem.<\/strong><\/span><\/p>\n<p class=\"p1 c3\"><span class=\"c2\"><strong>Les premi\u00e8res s\u00e9ances ont enregistr\u00e9 la pr\u00e9sence d\u2019anciens responsables \u00e0 l\u2019instar de Maher Ben A\u00efssa et MantacerMeherzi accompagn\u00e9s par Moez Bouraoui le pr\u00e9sident de la Municipalit\u00e9 venu s\u2019enqu\u00e9rir des conditions de pr\u00e9parations des joueurs.<span class=\"Apple-converted-space\">\u00a0<\/span><\/strong><\/span><\/p>\n<p class=\"p1 c3\"><span class=\"c2\"><strong>Le SS Sfaxien qui d\u00e9butera les play-out avec un d\u00e9ficit de 2 points vis-\u00e0-vis de l\u2019ESH Sousse et un point par rapport \u00e0 l\u2019ASK et l\u2019ASM, a repris les entra\u00eenements sous la conduite du duo Nabil Kamou et Wissem Ezzeddine.<span class=\"Apple-converted-space\">\u00a0<\/span><\/strong><\/span><\/p>\n<p class=\"p1 c3\"><span class=\"c2\"><strong>Les joueurs seront \u00e0 Sfax jusqu\u2019au 20 du mois en cours avant de rejoindre Djerba pour un premier stage de 5 jours, puis se rendront pour 5 jour \u00e9galement \u00e0 Sousse.<span class=\"Apple-converted-space\">\u00a0<\/span><\/strong><\/span><\/p>\n<p class=\"p1 c3\"><span class=\"c2\"><strong>Le staff technique a programm\u00e9 plusieurs rencontres amicales afin de retrouver leurs rep\u00e8res et acqu\u00e9rir le rythme de la comp\u00e9tition. <span class=\"Apple-converted-space\">\u00a0<\/span><\/strong><\/span><\/p>\n<p class=\"p2 c4\">\u00a0<\/p>\n<p class=\"p3 c5\"><span class=\"c2\"><strong>AG de l\u2019ESZ<span class=\"Apple-converted-space\">\u00a0<\/span><\/strong><\/span><\/p>\n<p class=\"p1 c3\"><span class=\"c2\"><strong>Une commission ind\u00e9pendante pr\u00e9sid\u00e9e par ma\u00eetre Walid Bouajila a \u00e9t\u00e9 charg\u00e9e de pr\u00e9parer l\u2019assembl\u00e9e g\u00e9n\u00e9rale \u00e9lective qui aura lieu le 23 juillet en cours.<span class=\"Apple-converted-space\">\u00a0<\/span><\/strong><\/span><\/p>\n<p class=\"p1 c3\"><span class=\"c2\"><strong>La vente des cartes d\u2019adh\u00e9rents et les d\u00e9lais du d\u00e9p\u00f4t des candidatures \u00e0 la pr\u00e9sidence du club seront annonc\u00e9s ult\u00e9rieurement.<span class=\"Apple-converted-space\">\u00a0<\/span><\/strong><\/span><\/p>\n<p class=\"p1 c3\"><span class=\"c2\"><strong>Rappelons que l\u2019ESZ a sauv\u00e9 sa place en Ligue 2 malgr\u00e9 les difficult\u00e9s rencontr\u00e9es tout au long de la saison et en l\u2019absence d\u2019un comit\u00e9 directeur \u00e9lu, puisque l\u2019ESZ a \u00e9t\u00e9 conduite tout au long de la saison par un comit\u00e9 provisoire pr\u00e9sid\u00e9 par le pr\u00e9sident de la Municipalit\u00e9 de Zarzis Amor Laraiedh.<\/strong><\/span><\/p>\n<p class=\"p2 c4\">\u00a0<\/p>\n<p class=\"p3 c5\"><span class=\"c2\"><strong>Gazonnement<span class=\"Apple-converted-space\">\u00a0<\/span><\/strong><\/span><\/p>\n<p class=\"p1 c3\"><span class=\"c2\"><strong>Les autorit\u00e9s de Msaken ont profit\u00e9 de l\u2019arr\u00eat des comp\u00e9titions des diff\u00e9rentes cat\u00e9gories du football, pour entamer les travaux de r\u00e9am\u00e9nagement du stade. Ces travaux vont permettre de remplacer le gazon artificiel en place us\u00e9 par le temps, par un autre de la 5\u00e8me g\u00e9n\u00e9ration qui devrait \u00eatre install\u00e9 dans les tous prochains jours.<\/strong><\/span><\/p>\n<p class=\"p4 c6\"><span class=\"c2\"><strong>M.R<\/strong><\/span><\/p>\n<p>Auteur: letemps1<br \/>\n<a href=\"http:\/\/www.letemps.com.tn\/article\/115468\/les-%C3%A9quipes-concern%C3%A9es-%C3%A0-pied-d%E2%80%99%C5%93uvre\">Cliquez ici pour lire l&rsquo;article depuis sa source.<\/a><\/p>\n","protected":false},"excerpt":{"rendered":"<p>Apr\u00e8s l\u2019\u00e9pisode des play-offs et l\u2019accession de l\u2019O. Bet l\u2019AS R, place dans un mois aux play-out dans les deux groupes.\u00a0 Pour ce rendez-vous tr\u00e8s important, les \u00e9quipes concern\u00e9es ont d\u00e9but\u00e9 leur pr\u00e9paration afin d\u2019\u00eatre fin pr\u00eates pour tenter de sauver leur place en Ligue 2.\u00a0 Ainsi, l\u2019ASK, le SSS, l\u2019ASM ont repris les entra\u00eenements [&hellip;]<\/p>\n","protected":false},"author":1773,"featured_media":0,"comment_status":"closed","ping_status":"closed","sticky":false,"template":"","format":"standard","meta":{"fifu_image_url":"","fifu_image_alt":"","footnotes":""},"categories":[73,55],"tags":[],"class_list":["post-91647","post","type-post","status-publish","format-standard","hentry","category-actualite","category-tunisie"],"_links":{"self":[{"href":"https:\/\/linitiative.ca\/International\/wp-json\/wp\/v2\/posts\/91647","targetHints":{"allow":["GET"]}}],"collection":[{"href":"https:\/\/linitiative.ca\/International\/wp-json\/wp\/v2\/posts"}],"about":[{"href":"https:\/\/linitiative.ca\/International\/wp-json\/wp\/v2\/types\/post"}],"author":[{"embeddable":true,"href":"https:\/\/linitiative.ca\/International\/wp-json\/wp\/v2\/users\/1773"}],"replies":[{"embeddable":true,"href":"https:\/\/linitiative.ca\/International\/wp-json\/wp\/v2\/comments?post=91647"}],"version-history":[{"count":0,"href":"https:\/\/linitiative.ca\/International\/wp-json\/wp\/v2\/posts\/91647\/revisions"}],"wp:attachment":[{"href":"https:\/\/linitiative.ca\/International\/wp-json\/wp\/v2\/media?parent=91647"}],"wp:term":[{"taxonomy":"category","embeddable":true,"href":"https:\/\/linitiative.ca\/International\/wp-json\/wp\/v2\/categories?post=91647"},{"taxonomy":"post_tag","embeddable":true,"href":"https:\/\/linitiative.ca\/International\/wp-json\/wp\/v2\/tags?post=91647"}],"curies":[{"name":"wp","href":"https:\/\/api.w.org\/{rel}","templated":true}]}}