{"id":91649,"date":"2020-07-08T15:13:11","date_gmt":"2020-07-08T19:13:11","guid":{"rendered":"https:\/\/linitiative.ca\/International\/international-manchester-city-un-nouveau-concurrent-pour-mahrez-la-saison-prochaine\/"},"modified":"2020-07-08T15:13:11","modified_gmt":"2020-07-08T19:13:11","slug":"international-manchester-city-un-nouveau-concurrent-pour-mahrez-la-saison-prochaine","status":"publish","type":"post","link":"https:\/\/linitiative.ca\/International\/international-manchester-city-un-nouveau-concurrent-pour-mahrez-la-saison-prochaine\/","title":{"rendered":"International : Manchester City: un nouveau concurrent pour Mahrez la saison prochaine"},"content":{"rendered":"<div readability=\"32\">\n<p>Auteur : <span>Riad Ouenzar<\/span> <span class=\"time\">mercredi 08 juillet 2020 11:36<\/span><\/p>\n<\/div>\n<div id=\"post_core\" readability=\"40\">\n<p>A en croire la presse anglaise, la direction de Manchester City serait tr\u00e8s int\u00e9ress\u00e9e par le recrutement du joueur de Wolverhampton, Adama Traor\u00e9. La m\u00eame source explique que les Citizens voient en Adama Traor\u00e9 le rempla\u00e7ant de Leroy San\u00e9, parti rejoindre le Bayern Munich. Il faut dire qu\u2019Adama Traor\u00e9 \u00e9volue au m\u00eame poste que Riyad Mahrez. Du coup, s\u2019il venait \u00e0 rejoindre Manchester City cet \u00e9t\u00e9, il sera le nouveau concurrent du capitaine de l\u2019EN.<\/p>\n<p><strong>Publi\u00e9 dans :<\/strong> <span>Mahrez<\/span><\/p>\n<\/div>\n<p>Auteur:<br \/>\n<a href=\"http:\/\/www.lebuteur.com\/article\/detail?titre=manchester-city-un-nouveau-concurrent-pour-mahrez-la-saison-prochaine&#038;id=96530&#038;utm_source=feedburner&#038;utm_medium=feed&#038;utm_campaign=Feed%3A+GalerieFArtciles+%28Les+derniers+articles++-+lebuteur.com%29\">Cliquez ici pour lire l&rsquo;article depuis sa source.<\/a><\/p>\n","protected":false},"excerpt":{"rendered":"<p>Auteur : Riad Ouenzar mercredi 08 juillet 2020 11:36 A en croire la presse anglaise, la direction de Manchester City serait tr\u00e8s int\u00e9ress\u00e9e par le recrutement du joueur de Wolverhampton, Adama Traor\u00e9. La m\u00eame source explique que les Citizens voient en Adama Traor\u00e9 le rempla\u00e7ant de Leroy San\u00e9, parti rejoindre le Bayern Munich. Il faut [&hellip;]<\/p>\n","protected":false},"author":1738,"featured_media":91650,"comment_status":"closed","ping_status":"closed","sticky":false,"template":"","format":"standard","meta":{"fifu_image_url":"","fifu_image_alt":"","footnotes":""},"categories":[53,75],"tags":[],"class_list":["post-91649","post","type-post","status-publish","format-standard","has-post-thumbnail","hentry","category-algerie","category-sport"],"_links":{"self":[{"href":"https:\/\/linitiative.ca\/International\/wp-json\/wp\/v2\/posts\/91649","targetHints":{"allow":["GET"]}}],"collection":[{"href":"https:\/\/linitiative.ca\/International\/wp-json\/wp\/v2\/posts"}],"about":[{"href":"https:\/\/linitiative.ca\/International\/wp-json\/wp\/v2\/types\/post"}],"author":[{"embeddable":true,"href":"https:\/\/linitiative.ca\/International\/wp-json\/wp\/v2\/users\/1738"}],"replies":[{"embeddable":true,"href":"https:\/\/linitiative.ca\/International\/wp-json\/wp\/v2\/comments?post=91649"}],"version-history":[{"count":0,"href":"https:\/\/linitiative.ca\/International\/wp-json\/wp\/v2\/posts\/91649\/revisions"}],"wp:featuredmedia":[{"embeddable":true,"href":"https:\/\/linitiative.ca\/International\/wp-json\/"}],"wp:attachment":[{"href":"https:\/\/linitiative.ca\/International\/wp-json\/wp\/v2\/media?parent=91649"}],"wp:term":[{"taxonomy":"category","embeddable":true,"href":"https:\/\/linitiative.ca\/International\/wp-json\/wp\/v2\/categories?post=91649"},{"taxonomy":"post_tag","embeddable":true,"href":"https:\/\/linitiative.ca\/International\/wp-json\/wp\/v2\/tags?post=91649"}],"curies":[{"name":"wp","href":"https:\/\/api.w.org\/{rel}","templated":true}]}}