{"id":91653,"date":"2020-07-08T15:13:16","date_gmt":"2020-07-08T19:13:16","guid":{"rendered":"https:\/\/linitiative.ca\/International\/ligue-1-2-reprise-du-championnat-la-faf-rendra-son-verdict-le-15-juillet\/"},"modified":"2020-07-08T15:13:16","modified_gmt":"2020-07-08T19:13:16","slug":"ligue-1-2-reprise-du-championnat-la-faf-rendra-son-verdict-le-15-juillet","status":"publish","type":"post","link":"https:\/\/linitiative.ca\/International\/ligue-1-2-reprise-du-championnat-la-faf-rendra-son-verdict-le-15-juillet\/","title":{"rendered":"Ligue 1 &amp; 2 : Reprise du championnat: la FAF rendra son verdict le 15 juillet"},"content":{"rendered":"<div readability=\"32\">\n<p>Auteur : <span>Riad Ouenzar<\/span> <span class=\"time\">mercredi 08 juillet 2020 16:44<\/span><\/p>\n<\/div>\n<div id=\"post_core\" readability=\"40\">\n<p>Alors que le flou plane sur la reprise ou pas de la comp\u00e9tition, la FAF s\u2019appr\u00eate \u00e0 trancher d\u00e9finitivement sur la question. Via son site internet, la f\u00e9d\u00e9 a indiqu\u00e9 aujourd\u2019hui qu\u2019une r\u00e9union du bureau f\u00e9d\u00e9ral est programm\u00e9e pour le 15 de ce mois afin de d\u00e9cider du sort de l\u2019exercice sportif 2019\/2020\u00a0:\u00a0\u00ab(\u2026) il a \u00e9t\u00e9 d\u00e9cid\u00e9 de tenir une r\u00e9union du bureau f\u00e9d\u00e9ral le mercredi 15 juillet 2020, en pr\u00e9sence des pr\u00e9sidents de Ligues, sur la base des d\u00e9cisions que prendront les pouvoirs publics en ce qui concerne la situation sanitaire li\u00e9e \u00e0 la COVID-19 apr\u00e8s l\u2019\u00e9ch\u00e9ance du 13 du m\u00eame mois. Lors de cette r\u00e9union, le BF devra prendre des d\u00e9cisions quant \u00e0 la suite de la reprise de l\u2019activit\u00e9 footballistique.\u00bb lit-on sur le site de la FAF.<\/p>\n<p><strong>Publi\u00e9 dans :<\/strong> <span>faf<\/span><\/p>\n<\/div>\n<p>Auteur:<br \/>\n<a href=\"http:\/\/www.lebuteur.com\/article\/detail?titre=reprise-du-championnat-la-faf-rendra-son-verdict-le-15-juillet&#038;id=96532&#038;utm_source=feedburner&#038;utm_medium=feed&#038;utm_campaign=Feed%3A+GalerieFArtciles+%28Les+derniers+articles++-+lebuteur.com%29\">Cliquez ici pour lire l&rsquo;article depuis sa source.<\/a><\/p>\n","protected":false},"excerpt":{"rendered":"<p>Auteur : Riad Ouenzar mercredi 08 juillet 2020 16:44 Alors que le flou plane sur la reprise ou pas de la comp\u00e9tition, la FAF s\u2019appr\u00eate \u00e0 trancher d\u00e9finitivement sur la question. Via son site internet, la f\u00e9d\u00e9 a indiqu\u00e9 aujourd\u2019hui qu\u2019une r\u00e9union du bureau f\u00e9d\u00e9ral est programm\u00e9e pour le 15 de ce mois afin de [&hellip;]<\/p>\n","protected":false},"author":1738,"featured_media":91654,"comment_status":"closed","ping_status":"closed","sticky":false,"template":"","format":"standard","meta":{"fifu_image_url":"","fifu_image_alt":"","footnotes":""},"categories":[53,75],"tags":[],"class_list":["post-91653","post","type-post","status-publish","format-standard","has-post-thumbnail","hentry","category-algerie","category-sport"],"_links":{"self":[{"href":"https:\/\/linitiative.ca\/International\/wp-json\/wp\/v2\/posts\/91653","targetHints":{"allow":["GET"]}}],"collection":[{"href":"https:\/\/linitiative.ca\/International\/wp-json\/wp\/v2\/posts"}],"about":[{"href":"https:\/\/linitiative.ca\/International\/wp-json\/wp\/v2\/types\/post"}],"author":[{"embeddable":true,"href":"https:\/\/linitiative.ca\/International\/wp-json\/wp\/v2\/users\/1738"}],"replies":[{"embeddable":true,"href":"https:\/\/linitiative.ca\/International\/wp-json\/wp\/v2\/comments?post=91653"}],"version-history":[{"count":0,"href":"https:\/\/linitiative.ca\/International\/wp-json\/wp\/v2\/posts\/91653\/revisions"}],"wp:featuredmedia":[{"embeddable":true,"href":"https:\/\/linitiative.ca\/International\/wp-json\/"}],"wp:attachment":[{"href":"https:\/\/linitiative.ca\/International\/wp-json\/wp\/v2\/media?parent=91653"}],"wp:term":[{"taxonomy":"category","embeddable":true,"href":"https:\/\/linitiative.ca\/International\/wp-json\/wp\/v2\/categories?post=91653"},{"taxonomy":"post_tag","embeddable":true,"href":"https:\/\/linitiative.ca\/International\/wp-json\/wp\/v2\/tags?post=91653"}],"curies":[{"name":"wp","href":"https:\/\/api.w.org\/{rel}","templated":true}]}}