{"id":91660,"date":"2020-07-07T17:15:00","date_gmt":"2020-07-07T21:15:00","guid":{"rendered":"https:\/\/linitiative.ca\/International\/le-president-tebboune-preside-une-reunion-consacree-a-lexamen-du-projet-de-plan-national-de-relance-socioeconomique\/"},"modified":"2020-07-07T17:15:00","modified_gmt":"2020-07-07T21:15:00","slug":"le-president-tebboune-preside-une-reunion-consacree-a-lexamen-du-projet-de-plan-national-de-relance-socioeconomique","status":"publish","type":"post","link":"https:\/\/linitiative.ca\/International\/le-president-tebboune-preside-une-reunion-consacree-a-lexamen-du-projet-de-plan-national-de-relance-socioeconomique\/","title":{"rendered":"Le Pr\u00e9sident Tebboune pr\u00e9side une r\u00e9union consacr\u00e9e \u00e0 l&rsquo;examen du projet de Plan national de relance socio\u00e9conomique"},"content":{"rendered":"<p>l Une nouvelle \u00e9conomie sous-tendue par la diversification des sources de croissance<\/p>\n<p>l La mouture finale du plan sera pr\u00e9sent\u00e9e \u00e0 tous les op\u00e9rateurs \u00e9conomiques\u00a0<\/p>\n<p>l Contrer les tentatives des d\u00e9tenteurs d\u2019argent sale de perturber le processus de changement entam\u00e9 le 12 d\u00e9cembre 2019<\/p>\n<div readability=\"112\">\n<p>Le Pr\u00e9sident de la R\u00e9publique, M. Abdelmadjid Tebboune, a pr\u00e9sid\u00e9, hier, une s\u00e9ance de travail consacr\u00e9e \u00e0 l&rsquo;examen du projet de Plan national de relance socio\u00e9conomique, \u00e0 soumettre aux prochaines r\u00e9unions du Conseil des ministres, indique un communiqu\u00e9 de la Pr\u00e9sidence de la R\u00e9publique, dont voici la traduction APS :<\/p>\n<p>\u00abLe Pr\u00e9sident de la R\u00e9publique, M. Abdelmadjid Tebboune, a pr\u00e9sid\u00e9, ce jour, une s\u00e9ance de travail, en pr\u00e9sence du Premier ministre et des ministres des Finances, de l&rsquo;Energie, de l&rsquo;Industrie et des Mines, du Commerce, de l&rsquo;Agriculture, ainsi que du ministre d\u00e9l\u00e9gu\u00e9 aupr\u00e8s du Premier ministre, charg\u00e9 de la Prospective.<\/p>\n<p>Cette s\u00e9ance de travail a \u00e9t\u00e9 consacr\u00e9e \u00e0 l&rsquo;examen du projet de Plan national de relance socio\u00e9conomique, \u00e0 soumettre aux prochaines r\u00e9unions du Conseil des ministres.<\/p>\n<p>Les ministres concern\u00e9s ont pr\u00e9sent\u00e9 des expos\u00e9s sur les mesures pratiques propos\u00e9es pour la mise en \u0153uvre du Plan d&rsquo;action du Gouvernement, visant l&rsquo;\u00e9dification d&rsquo;une nouvelle \u00e9conomie nationale sous-tendue par la diversification des sources de croissance, l&rsquo;\u00e9conomie du savoir et la gestion rationnelle des richesses nationales.<\/p>\n<p>Lors des d\u00e9bats, le Pr\u00e9sident Tebboune a donn\u00e9 des instructions d\u00e9taill\u00e9es \u00e0 chacun des ministres concern\u00e9s, \u00e0 l&rsquo;effet d&rsquo;op\u00e9rer des r\u00e9formes structurelles dans le cadre de la politique g\u00e9n\u00e9rale du Gouvernement, \u00e0 m\u00eame d&rsquo;assurer une exploitation optimale et transparente de toutes les potentialit\u00e9s et richesses naturelles nationales, \u00e0 commencer par les mines dont regorge l&rsquo;Alg\u00e9rie.\u00a0<\/p>\n<p>A cet effet, le Pr\u00e9sident de la R\u00e9publique a ordonn\u00e9 l&rsquo;entame de l&rsquo;exploitation de la mine de fer de Ghar-Djebilet dans la wilaya de Tindouf et du gisement de Zinc de Oued Amizour dans la wilaya de B\u00e9ja\u00efa.<\/p>\n<p>Pour le Pr\u00e9sident Tebboune, l&rsquo;\u00e9dification d&rsquo;une v\u00e9ritable nouvelle \u00e9conomie passe par le changement des mentalit\u00e9s et la lib\u00e9ration des initiatives de toute entrave bureaucratique, la r\u00e9vision des textes juridiques en vigueur, ou leur adaptation en fonction de la logique \u00e9conomique et non des pratiques conjoncturelles, ce qui permettra de mieux exploiter le g\u00e9nie national et de g\u00e9n\u00e9rer les richesses et les emplois sans exclusion, ni exclusive.<\/p>\n<p>Le Pr\u00e9sident de la R\u00e9publique a mis l&rsquo;accent sur l&rsquo;imp\u00e9ratif de g\u00e9n\u00e9rer de la valeur ajout\u00e9e dans chaque projet, appelant \u00e0 explorer toutes les terres, y compris les terres rares, aux fins d&rsquo;amortir le recul des recettes de l&rsquo;Etat.<\/p>\n<p>Il a instruit le ministre de l&rsquo;Industrie \u00e0 l&rsquo;effet de pr\u00e9senter les cahiers des charges d\u00e9j\u00e0 disponibles, lors du prochain Conseil des ministres, et d&rsquo;optimiser les d\u00e9riv\u00e9s du p\u00e9trole et du gaz en vue de revoir le Produit national \u00e0 la hausse.<\/p>\n<p>Par ailleurs, le Pr\u00e9sident Tebboune a affirm\u00e9 que la mouture finale du Plan de relance socio\u00e9conomique sera pr\u00e9sent\u00e9e \u00e0 tous les op\u00e9rateurs \u00e9conomiques alg\u00e9riens, une fois approuv\u00e9e en Conseil des ministres, en tant que feuille de route ayant des d\u00e9lais de mise en \u0153uvre, pour faire l&rsquo;objet d&rsquo;\u00e9valuation \u00e0 l&rsquo;expiration de ces d\u00e9lais, pr\u00e9cisant que ce Plan national doit pr\u00e9server le caract\u00e8re social de l&rsquo;Etat et le pouvoir d&rsquo;achat du citoyen, notamment la classe d\u00e9favoris\u00e9e.<\/p>\n<p>Au terme de la s\u00e9ance de travail, le Pr\u00e9sident de la R\u00e9publique a appel\u00e9 les ministres concern\u00e9s \u00e0 entamer imm\u00e9diatement, sous la supervision du Premier ministre, la recherche des m\u00e9canismes efficaces \u00e0 m\u00eame de r\u00e9duire, \u00e0 court terme, les d\u00e9penses inutiles et d&rsquo;augmenter les revenus \u00e0 travers l&rsquo;encouragement de la production nationale, la g\u00e9n\u00e9ralisation de la num\u00e9risation et la lutte contre l&rsquo;\u00e9vasion fiscale, le gaspillage et la surfacturation, afin de permettre au pays de surmonter les difficult\u00e9s conjoncturelles induites par la double crise issue du recul des revenus des hydrocarbures et de la propagation de la pand\u00e9mie de la COVID-19.<\/p>\n<p>Enfin, le Pr\u00e9sident Tebboune a appel\u00e9 \u00e0 s&rsquo;attaquer, avec fermet\u00e9, \u00e0 l&rsquo;argent sale dont les d\u00e9tenteurs veulent entraver l&rsquo;op\u00e9ration de changement radical, amorc\u00e9e le 12 d\u00e9cembre dernier.\u00bb\u00a0<\/p>\n<\/div>\n<p>Auteur: elmoudjahid<br \/>\n<a href=\"http:\/\/www.elmoudjahid.com\/fr\/actualites\/156043\">Cliquez ici pour lire l&rsquo;article depuis sa source.<\/a><\/p>\n","protected":false},"excerpt":{"rendered":"<p>l Une nouvelle \u00e9conomie sous-tendue par la diversification des sources de croissance l La mouture finale du plan sera pr\u00e9sent\u00e9e \u00e0 tous les op\u00e9rateurs \u00e9conomiques\u00a0 l Contrer les tentatives des d\u00e9tenteurs d\u2019argent sale de perturber le processus de changement entam\u00e9 le 12 d\u00e9cembre 2019 Le Pr\u00e9sident de la R\u00e9publique, M. Abdelmadjid Tebboune, a pr\u00e9sid\u00e9, hier, [&hellip;]<\/p>\n","protected":false},"author":1744,"featured_media":0,"comment_status":"closed","ping_status":"closed","sticky":false,"template":"","format":"standard","meta":{"fifu_image_url":"","fifu_image_alt":"","footnotes":""},"categories":[73,53],"tags":[],"class_list":["post-91660","post","type-post","status-publish","format-standard","hentry","category-actualite","category-algerie"],"_links":{"self":[{"href":"https:\/\/linitiative.ca\/International\/wp-json\/wp\/v2\/posts\/91660","targetHints":{"allow":["GET"]}}],"collection":[{"href":"https:\/\/linitiative.ca\/International\/wp-json\/wp\/v2\/posts"}],"about":[{"href":"https:\/\/linitiative.ca\/International\/wp-json\/wp\/v2\/types\/post"}],"author":[{"embeddable":true,"href":"https:\/\/linitiative.ca\/International\/wp-json\/wp\/v2\/users\/1744"}],"replies":[{"embeddable":true,"href":"https:\/\/linitiative.ca\/International\/wp-json\/wp\/v2\/comments?post=91660"}],"version-history":[{"count":0,"href":"https:\/\/linitiative.ca\/International\/wp-json\/wp\/v2\/posts\/91660\/revisions"}],"wp:attachment":[{"href":"https:\/\/linitiative.ca\/International\/wp-json\/wp\/v2\/media?parent=91660"}],"wp:term":[{"taxonomy":"category","embeddable":true,"href":"https:\/\/linitiative.ca\/International\/wp-json\/wp\/v2\/categories?post=91660"},{"taxonomy":"post_tag","embeddable":true,"href":"https:\/\/linitiative.ca\/International\/wp-json\/wp\/v2\/tags?post=91660"}],"curies":[{"name":"wp","href":"https:\/\/api.w.org\/{rel}","templated":true}]}}