{"id":91665,"date":"2020-07-08T12:14:00","date_gmt":"2020-07-08T16:14:00","guid":{"rendered":"https:\/\/linitiative.ca\/International\/mostaganem-des-habitants-de-qadouss-el-meddah-bloquent-la-route\/"},"modified":"2020-07-08T12:14:00","modified_gmt":"2020-07-08T16:14:00","slug":"mostaganem-des-habitants-de-qadouss-el-meddah-bloquent-la-route","status":"publish","type":"post","link":"https:\/\/linitiative.ca\/International\/mostaganem-des-habitants-de-qadouss-el-meddah-bloquent-la-route\/","title":{"rendered":"MOSTAGANEM : Des habitants de \u2018\u2019Qadouss  El Meddah bloquent la route"},"content":{"rendered":"<p><br id=\"sep_para_1\" class=\"sep_para access\"\/><\/p>\n<div id=\"para_1\" class=\"para_37798452 resize\">\n<div class=\"texte access firstletter\">Inutile de se poser des questions car il s\u2018agissait en effet de l\u2019\u00e9pineux et sempiternel probl\u00e8me qui comme toujours, d\u00e9clench\u00e9 une manifestation de col\u00e8re chez des insatisfaits, qui pour une raison ou une autre ne sont pas des heureux \u00e9lus \u00e0 un logement d\u2019un quelconque programme. Pour en savoir un peu plus, R\u00e9flexion s\u2019est rapproch\u00e9 d\u2019un groupe de manifestants qui ont choisi de rester dans la discr\u00e9tion et l\u2019anonymat. Mohamed, un jeune trentenaire, au nom de ses camarades nous a livr\u00e9 tr\u00e8s calmement et dans un ton pond\u00e9r\u00e9 les dessous ce cette autre manifestation concernant le logement. Il dit que \u00ab\u00a0 ce quartier de \u00ab Qadouss El Meddah \u00bb appel\u00e9 aussi \u00ab Hay Salah Merzoug \u00bb et ce sont quelque 160\u00a0 p\u00e8res de familles qui y vivent depuis des dizaines d\u2019ann\u00e9es dans des conditions indignes d\u2019un \u00eatre humain, qui r\u00e9sident \u00e0\u00a0 la partie sup\u00e9rieure appel\u00e9e \u00ab Hofra \u00bb\u00a0 et ils veulent attirer l\u2019attention du wali qu\u2019ils ont \u00e9t\u00e9 recens\u00e9s par les diff\u00e9rentes administrations de la da\u00efra et de la commune ; qu\u2019ils ont re\u00e7us maintes et maintes promesses qui se sont av\u00e9r\u00e9es st\u00e9riles \u00bb. Il a ajout\u00e9 que \u00ab dans cette zone il y a deux cat\u00e9gories de demandeurs de logement, ceux du LSP (Logement Social) et ceux du RHP (R\u00e9sorption de l\u2019Habitat pr\u00e9caire), ce sont ces derniers qui ont re\u00e7u des promesses du pr\u00e9c\u00e9dent chef de da\u00efra ainsi que de la part de l\u2019actuel, pour une attribution au titre du quota du programme RHP. Malheureusement, il n\u2019y a eu aucune suite concr\u00e8te, alors que nous avons attendu et d\u00e9pass\u00e9\u00a0 en vain, les pr\u00e9tendues dates d\u2019attribution pr\u00e9vues pour les 5 juillet de l\u2019ann\u00e9e 2019 et de 2020. \u00bb A midi tapante, quelque jeunes sont\u00a0 sortis de nulle part avec des bouteilles d\u2019eau fraiche et une pelle et ont proc\u00e9d\u00e9 \u00e0 l\u2019extinction des quelques flammes qui restaient puis ont d\u00e9blay\u00e9 la voie de circulation, vers Tigditt et les autres destinations. Le retour \u00e0 la normale s\u2019est instaur\u00e9 de lui-m\u00eame, m\u00e9caniquement comme s\u2019il \u00e9tait programm\u00e9 pour ne durer que le temps de la r\u00e9ception du message aux autorit\u00e9s locales.<\/div>\n<\/div>\n<p>Auteur: Younes Zahachi<br \/>\n<a href=\"https:\/\/www.reflexiondz.net\/MOSTAGANEM-Des-habitants-de-Qadouss-El-Meddah-bloquent-la-route_a63860.html\">Cliquez ici pour lire l&rsquo;article depuis sa source.<\/a><\/p>\n","protected":false},"excerpt":{"rendered":"<p>Inutile de se poser des questions car il s\u2018agissait en effet de l\u2019\u00e9pineux et sempiternel probl\u00e8me qui comme toujours, d\u00e9clench\u00e9 une manifestation de col\u00e8re chez des insatisfaits, qui pour une raison ou une autre ne sont pas des heureux \u00e9lus \u00e0 un logement d\u2019un quelconque programme. Pour en savoir un peu plus, R\u00e9flexion s\u2019est rapproch\u00e9 [&hellip;]<\/p>\n","protected":false},"author":1740,"featured_media":0,"comment_status":"closed","ping_status":"closed","sticky":false,"template":"","format":"standard","meta":{"fifu_image_url":"","fifu_image_alt":"","footnotes":""},"categories":[53,76],"tags":[],"class_list":["post-91665","post","type-post","status-publish","format-standard","hentry","category-algerie","category-regions"],"_links":{"self":[{"href":"https:\/\/linitiative.ca\/International\/wp-json\/wp\/v2\/posts\/91665","targetHints":{"allow":["GET"]}}],"collection":[{"href":"https:\/\/linitiative.ca\/International\/wp-json\/wp\/v2\/posts"}],"about":[{"href":"https:\/\/linitiative.ca\/International\/wp-json\/wp\/v2\/types\/post"}],"author":[{"embeddable":true,"href":"https:\/\/linitiative.ca\/International\/wp-json\/wp\/v2\/users\/1740"}],"replies":[{"embeddable":true,"href":"https:\/\/linitiative.ca\/International\/wp-json\/wp\/v2\/comments?post=91665"}],"version-history":[{"count":0,"href":"https:\/\/linitiative.ca\/International\/wp-json\/wp\/v2\/posts\/91665\/revisions"}],"wp:attachment":[{"href":"https:\/\/linitiative.ca\/International\/wp-json\/wp\/v2\/media?parent=91665"}],"wp:term":[{"taxonomy":"category","embeddable":true,"href":"https:\/\/linitiative.ca\/International\/wp-json\/wp\/v2\/categories?post=91665"},{"taxonomy":"post_tag","embeddable":true,"href":"https:\/\/linitiative.ca\/International\/wp-json\/wp\/v2\/tags?post=91665"}],"curies":[{"name":"wp","href":"https:\/\/api.w.org\/{rel}","templated":true}]}}