{"id":91666,"date":"2020-07-08T12:14:00","date_gmt":"2020-07-08T16:14:00","guid":{"rendered":"https:\/\/linitiative.ca\/International\/dilapidation-du-foncier-a-oran-le-proces-de-lex-directeur-de-lagence-fonciere-reporte\/"},"modified":"2020-07-08T12:14:00","modified_gmt":"2020-07-08T16:14:00","slug":"dilapidation-du-foncier-a-oran-le-proces-de-lex-directeur-de-lagence-fonciere-reporte","status":"publish","type":"post","link":"https:\/\/linitiative.ca\/International\/dilapidation-du-foncier-a-oran-le-proces-de-lex-directeur-de-lagence-fonciere-reporte\/","title":{"rendered":"DILAPIDATION DU FONCIER A ORAN : Le  proc\u00e8s de l\u2019ex directeur de l\u2019agence fonci\u00e8re report\u00e9"},"content":{"rendered":"<p><br id=\"sep_para_1\" class=\"sep_para access\"\/><\/p>\n<div id=\"para_1\" class=\"para_37798348 resize\">\n<div class=\"texte access firstletter\">Le proc\u00e8s a \u00e9t\u00e9 renvoy\u00e9 en raison de l\u2019absence de plusieurs t\u00e9moins, ainsi qu\u2019une demande introduite par la d\u00e9fense de Mohamed Mebarki qui avait demand\u00e9 la pr\u00e9sence de l\u2019ex-secr\u00e9taire g\u00e9n\u00e9ral de la wilaya d\u2019Oran et du directeur du contentieux de l\u2019agence fonci\u00e8re, ainsi que du commissaire aux comptes de cette structure. Cette affaire, qui a \u00e9clat\u00e9 durant l\u2019\u00e9t\u00e9 2019, a connu de nombreuses arrestations, \u00e0 l\u2019issue de l\u2019enqu\u00eate men\u00e9e par la brigade \u00e9conomique et financi\u00e8re de la s\u00fbret\u00e9 de wilaya d\u2019Oran, notamment l\u2019ex-P\/APC d\u2019Es-S\u00e9nia et celui de Bir El-Djir, la directrice de la conservation fonci\u00e8re d\u2019Es-S\u00e9nia, ainsi que l\u2019ancien chef de la s\u00fbret\u00e9 de wilaya d\u2019Oran et le fr\u00e8re de l\u2019ancien Directeur g\u00e9n\u00e9ral de la s\u00fbret\u00e9 nationale. Pour rappel, l\u2019ex Directeur de l\u2019agence fonci\u00e8re de wilaya avait \u00e9t\u00e9 arr\u00eat\u00e9 en ao\u00fbt 2019, alors qu\u2019il tentait de quitter clandestinement le pays par voie maritime, \u00e0 bord d\u2019une embarcation de fortune. Ce dernier, ainsi que les autres mis en cause, dont \u00e9galement l\u2019ancien wali d\u2019Oran Abdelghani Za\u00e2lane, sont accus\u00e9s de \u00ab corruption et de dilapidation du foncier dans la da\u00efra de Bir El-Djir, notamment 15 lots de terrain c\u00e9d\u00e9s au dinar symbolique \u00e0 certains anciens responsables. \u00bb Yamani Hamel, le fr\u00e8re de l\u2019ancien Directeur g\u00e9n\u00e9ral de la S\u00fbret\u00e9 nationale (DGSN) avait \u00e9t\u00e9 condamn\u00e9 le 24 juin dernier \u00e0 quatre (4) ans de prison ferme par le tribunal d\u2019Oran pour plusieurs chefs d\u2019accusation dont \u00ab corruption\u00ab , \u00ab blanchiment d\u2019argent \u00bb et \u00ab utilisation de sa fonction \u00e0 des fins personnelles et enrichissement illicite\u00ab .<\/div>\n<\/div>\n<p>Auteur: Medjadji H.<br \/>\n<a href=\"https:\/\/www.reflexiondz.net\/DILAPIDATION-DU-FONCIER-A-ORAN-Le-proces-de-l-ex-directeur-de-l-agence-fonciere-reporte_a63857.html\">Cliquez ici pour lire l&rsquo;article depuis sa source.<\/a><\/p>\n","protected":false},"excerpt":{"rendered":"<p>Le proc\u00e8s a \u00e9t\u00e9 renvoy\u00e9 en raison de l\u2019absence de plusieurs t\u00e9moins, ainsi qu\u2019une demande introduite par la d\u00e9fense de Mohamed Mebarki qui avait demand\u00e9 la pr\u00e9sence de l\u2019ex-secr\u00e9taire g\u00e9n\u00e9ral de la wilaya d\u2019Oran et du directeur du contentieux de l\u2019agence fonci\u00e8re, ainsi que du commissaire aux comptes de cette structure. Cette affaire, qui a [&hellip;]<\/p>\n","protected":false},"author":1740,"featured_media":0,"comment_status":"closed","ping_status":"closed","sticky":false,"template":"","format":"standard","meta":{"fifu_image_url":"","fifu_image_alt":"","footnotes":""},"categories":[53,76],"tags":[],"class_list":["post-91666","post","type-post","status-publish","format-standard","hentry","category-algerie","category-regions"],"_links":{"self":[{"href":"https:\/\/linitiative.ca\/International\/wp-json\/wp\/v2\/posts\/91666","targetHints":{"allow":["GET"]}}],"collection":[{"href":"https:\/\/linitiative.ca\/International\/wp-json\/wp\/v2\/posts"}],"about":[{"href":"https:\/\/linitiative.ca\/International\/wp-json\/wp\/v2\/types\/post"}],"author":[{"embeddable":true,"href":"https:\/\/linitiative.ca\/International\/wp-json\/wp\/v2\/users\/1740"}],"replies":[{"embeddable":true,"href":"https:\/\/linitiative.ca\/International\/wp-json\/wp\/v2\/comments?post=91666"}],"version-history":[{"count":0,"href":"https:\/\/linitiative.ca\/International\/wp-json\/wp\/v2\/posts\/91666\/revisions"}],"wp:attachment":[{"href":"https:\/\/linitiative.ca\/International\/wp-json\/wp\/v2\/media?parent=91666"}],"wp:term":[{"taxonomy":"category","embeddable":true,"href":"https:\/\/linitiative.ca\/International\/wp-json\/wp\/v2\/categories?post=91666"},{"taxonomy":"post_tag","embeddable":true,"href":"https:\/\/linitiative.ca\/International\/wp-json\/wp\/v2\/tags?post=91666"}],"curies":[{"name":"wp","href":"https:\/\/api.w.org\/{rel}","templated":true}]}}