{"id":91679,"date":"2020-07-08T13:33:25","date_gmt":"2020-07-08T17:33:25","guid":{"rendered":"https:\/\/linitiative.ca\/International\/coronavirus-3212-cas-actifs-mercredi-8-juillet-a-18-heures\/"},"modified":"2020-07-08T13:33:25","modified_gmt":"2020-07-08T17:33:25","slug":"coronavirus-3212-cas-actifs-mercredi-8-juillet-a-18-heures","status":"publish","type":"post","link":"https:\/\/linitiative.ca\/International\/coronavirus-3212-cas-actifs-mercredi-8-juillet-a-18-heures\/","title":{"rendered":"Coronavirus : 3212 cas actifs mercredi 8 juillet \u00e0 18 heures"},"content":{"rendered":"<p><strong>Le nombre total des cas cumul\u00e9s est d\u00e9sormais de 14.771. Ces derni\u00e8res 24 heures, le Maroc a enregistr\u00e9 667 nouvelles gu\u00e9risons.<\/strong><\/p>\n<div class=\"c10\"\/>\n<p>Le Maroc a enregistr\u00e9 ces derni\u00e8res 24 heures 164 nouveaux cas de contamination au coronavirus. Ce bilan porte le nombre total des cas cumul\u00e9s \u00e0 14.771 cas. Le nombre de gu\u00e9risons atteint d\u00e9sormais 11.316, soit 667 nouvelles personnes gu\u00e9ries ces derni\u00e8res 24 heures.<\/p>\n<p><strong>Lire aussi|<\/strong> <a href=\"https:\/\/www.challenge.ma\/coronavirus-le-ministere-de-la-sante-renforce-sa-communication-147966\/\"><strong>Coronavirus : le minist\u00e8re de la Sant\u00e9 veut am\u00e9liorer sa communication<\/strong><\/a><\/p>\n<p>En ce qui concerne les d\u00e9c\u00e8s, ils atteignent dor\u00e9navant 242, soit deux nouveaux d\u00e9c\u00e8s ces derni\u00e8res 24 heures.<\/p>\n<p><strong>Lire aussi|<\/strong> <a href=\"https:\/\/www.challenge.ma\/15-pistes-pour-une-relance-par-linvestissement-et-la-consommation-147777\/\"><strong>15 pistes pour une relance par l\u2019investissement et la consommation<\/strong><\/a><\/p>\n<p>Le minist\u00e8re indique que le taux de mortalit\u00e9 est de 1,64%. Notons que 804.353 cas ont \u00e9t\u00e9 exclus apr\u00e8s des tests n\u00e9gatifs en laboratoire. De m\u00eame, le nombre des cas actifs atteint 3212.<\/p>\n<div class=\"vw-sticky-sidebar-wrapper vw-sticky-sidebar widget_text awac-wrapper widget_text awac widget custom_html-4 textwidget custom-html-widget\">\n<p class=\"has-background c12\"><span class=\"widget-title c11\">Tribune et D\u00e9bats<\/span><\/p>\n<p>La tribune qui vous parle d\u2019une actu, d\u2019un sujet qui fait d\u00e9bat, les traitent et les analysent. \u00c9conomistes et autres experts, patrons d\u2019entreprises, d\u00e9cideurs, acteurs de la soci\u00e9t\u00e9 civile, s\u2019y prononcent et contribuent \u00e0 sa grande richesse. Vous avez votre opinion, convergente ou diff\u00e9rente. Exprimez-la et mesurez-vous ainsi \u00e0 nos tribuns et d\u00e9batteurs.<\/p>\n<p>Envoyez vos analyses \u00e0 : <a href=\"\/cdn-cgi\/l\/email-protection#96f5f9f8e2f7f5e2d6f5fef7fafaf3f8f1f3b8fbf7\"><span class=\"__cf_email__\" data-cfemail=\"02616d6c7663617642616a636e6e676c65672c6f63\">[email\u00a0protected]<\/span><\/a>, en pr\u00e9cisant votre nom, votre pr\u00e9nom et votre m\u00e9tier.<\/p>\n<\/div>\n<p>Auteur: challenge<br \/>\n<a href=\"https:\/\/www.challenge.ma\/coronavirus-3212-cas-actifs-mercredi-8-juillet-a-18-heures-148001\/\">Cliquez ici pour lire l&rsquo;article depuis sa source.<\/a><\/p>\n","protected":false},"excerpt":{"rendered":"<p>Le nombre total des cas cumul\u00e9s est d\u00e9sormais de 14.771. Ces derni\u00e8res 24 heures, le Maroc a enregistr\u00e9 667 nouvelles gu\u00e9risons. Le Maroc a enregistr\u00e9 ces derni\u00e8res 24 heures 164 nouveaux cas de contamination au coronavirus. Ce bilan porte le nombre total des cas cumul\u00e9s \u00e0 14.771 cas. Le nombre de gu\u00e9risons atteint d\u00e9sormais 11.316, [&hellip;]<\/p>\n","protected":false},"author":1787,"featured_media":0,"comment_status":"closed","ping_status":"closed","sticky":false,"template":"","format":"standard","meta":{"fifu_image_url":"","fifu_image_alt":"","footnotes":""},"categories":[78,54],"tags":[],"class_list":["post-91679","post","type-post","status-publish","format-standard","hentry","category-economie","category-maroc"],"_links":{"self":[{"href":"https:\/\/linitiative.ca\/International\/wp-json\/wp\/v2\/posts\/91679","targetHints":{"allow":["GET"]}}],"collection":[{"href":"https:\/\/linitiative.ca\/International\/wp-json\/wp\/v2\/posts"}],"about":[{"href":"https:\/\/linitiative.ca\/International\/wp-json\/wp\/v2\/types\/post"}],"author":[{"embeddable":true,"href":"https:\/\/linitiative.ca\/International\/wp-json\/wp\/v2\/users\/1787"}],"replies":[{"embeddable":true,"href":"https:\/\/linitiative.ca\/International\/wp-json\/wp\/v2\/comments?post=91679"}],"version-history":[{"count":0,"href":"https:\/\/linitiative.ca\/International\/wp-json\/wp\/v2\/posts\/91679\/revisions"}],"wp:attachment":[{"href":"https:\/\/linitiative.ca\/International\/wp-json\/wp\/v2\/media?parent=91679"}],"wp:term":[{"taxonomy":"category","embeddable":true,"href":"https:\/\/linitiative.ca\/International\/wp-json\/wp\/v2\/categories?post=91679"},{"taxonomy":"post_tag","embeddable":true,"href":"https:\/\/linitiative.ca\/International\/wp-json\/wp\/v2\/tags?post=91679"}],"curies":[{"name":"wp","href":"https:\/\/api.w.org\/{rel}","templated":true}]}}