{"id":91681,"date":"2020-07-08T14:46:18","date_gmt":"2020-07-08T18:46:18","guid":{"rendered":"https:\/\/linitiative.ca\/International\/projet-de-loi-de-finances-rectificative-quoi-de-neuf-sur-le-volet-fiscal\/"},"modified":"2020-07-08T14:46:18","modified_gmt":"2020-07-08T18:46:18","slug":"projet-de-loi-de-finances-rectificative-quoi-de-neuf-sur-le-volet-fiscal","status":"publish","type":"post","link":"https:\/\/linitiative.ca\/International\/projet-de-loi-de-finances-rectificative-quoi-de-neuf-sur-le-volet-fiscal\/","title":{"rendered":"Projet de loi de finances rectificative : quoi de neuf  sur le volet fiscal ?"},"content":{"rendered":"<p><strong>Des prolongements de d\u00e9lais pour des mesures d\u00e9j\u00e0 pr\u00e9vues dans la loi de finances de l\u2019ann\u00e9e 2020 et quelques menues bricoles.<\/strong><\/p>\n<div class=\"c10\"\/>\n<p>En fait, presque rien. A part des prolongements de d\u00e9lais relatifs \u00e0 des mesures d\u00e9j\u00e0 pr\u00e9vues par la loi de finances de l\u2019ann\u00e9e 2020. Ainsi, en est-il de la \u00ab\u00a0r\u00e9gularisation spontan\u00e9e de la situation fiscale\u00a0\u00bb pour laquelle \u00e9taient pr\u00e9vus deux versements, le premier en fin septembre et le second, en fin novembre. Le nouveau d\u00e9lai pr\u00e9vu par le projet de loi de finances rectificative (PLFR), est le 15 d\u00e9cembre, avec un seul versement spontan\u00e9. M\u00eame chose pour la contribution \u00e0 verser spontan\u00e9ment au titre des avoirs liquides, \u00e0 d\u00e9poser aupr\u00e8s d\u2019une banque. La r\u00e9gularisation de la situation fiscale relative aux revenus fonciers dont le d\u00e9lai initial de d\u00e9claration a \u00e9t\u00e9 fix\u00e9 au plus tard le 30 juin, a \u00e9t\u00e9 prolong\u00e9e au 31 d\u00e9cembre. C\u2019est aussi le cas des avoirs et des liquidit\u00e9s d\u00e9tenus \u00e0 l\u2019\u00e9tranger. Le nouveau d\u00e9lai de souscription et de contribution lib\u00e9ratoire propos\u00e9 dans le PLFR est le 31 d\u00e9cembre, au lieu du 31 octobre. Enfin, tous les d\u00e9lais pr\u00e9vus dans le Code g\u00e9n\u00e9ral des Imp\u00f4ts ont \u00e9t\u00e9 suspendus, notamment ceux ayant trait aux proc\u00e9dures de contr\u00f4le fiscal, et ce jusqu\u2019au 31 d\u00e9cembre.<\/p>\n<p><strong>Lire aussi | <a href=\"https:\/\/www.challenge.ma\/avocat-voici-le-projet-de-loi-encadrant-la-profession-document-147987\/\">Avocat : voici le nouveau projet de loi encadrant la profession [Document]<\/a><\/strong><\/p>\n<p>Par ailleurs, le champ d\u2019application du paiement mobile a \u00e9t\u00e9 \u00e9largi, ce qui permet aux contribuables de ne plus avoir \u00e0 se d\u00e9placer physiquement pour payer leurs imp\u00f4ts. Enfin, pour donner un coup de pouce au march\u00e9 de l\u2019immobilier, une r\u00e9duction de 50% des droits d\u2019enregistrement est pr\u00e9vue au profit des acqu\u00e9reurs d\u2019immeubles destin\u00e9s \u00e0 l\u2019habitation. Compte tenu des difficult\u00e9s et contraintes inh\u00e9rentes \u00e0 la p\u00e9riode de confinement sanitaire, une contribution lib\u00e9ratoire de 1,5% du montant du ou des ch\u00e8ques impay\u00e9s, avec un plafond de 10\u00a0000 dirhams pour les personnes physiques et de 50\u00a0000 dirhams pour les personnes morales, a \u00e9t\u00e9 propos\u00e9 dans le PLFR. La d\u00e9ductibilit\u00e9 fiscale des dons accord\u00e9s par les entreprises au Fonds sp\u00e9cial anti-Covid-19 a \u00e9t\u00e9 introduite. N\u00e9anmoins, cette proposition, en cas d\u2019acceptation par le pouvoir l\u00e9gislatif, repr\u00e9sent\u00e9 par le Parlement, devrait aussi pr\u00e9voir explicitement une application r\u00e9troactive de cette mesure, afin de permettre aux entreprises ayant d\u00e9j\u00e0 fait des dons au profit du Fonds sp\u00e9cial anti-Covid-19, d\u2019en b\u00e9n\u00e9ficier.<\/p>\n<p><strong>Lire aussi | <a href=\"https:\/\/www.challenge.ma\/mihoub-mezouaghi-directeur-maroc-de-lafd-la-sortie-de-crise-covid-reposera-sur-une-relance-durable-147393\/\">Mihoub Mezouaghi, directeur Maroc de l\u2019AFD : \u00ab\u00a0La sortie de crise Covid reposera sur une relance durable\u00a0\u00bb<\/a><\/strong><\/p>\n<p>Ainsi, <strong>ce PLFR, dans son volet fiscal<\/strong>, <strong>a des objectifs \u00e0 tr\u00e8s court terme qui refl\u00e8tent le souci principal de maintien des \u00e9quilibres macro-\u00e9conomiques. La crise actuelle a pourtant bien r\u00e9v\u00e9l\u00e9 les limites et les insuffisances de cette approche dans la gestion des finances publiques<\/strong>. Elle a bien confirm\u00e9 les maux profonds d\u00e9j\u00e0 constat\u00e9s lors des derni\u00e8res assises nationales sur la fiscalit\u00e9. Notre syst\u00e8me fiscal n\u2019est ni efficace, ni \u00e9quitable, ni transparent. Le projet d\u2019une loi-cadre, devant servir de programmation aux r\u00e9formes fiscales lors des cinq prochaines ann\u00e9es, semble avoir \u00e9t\u00e9 d\u00e9finitivement oubli\u00e9, voire enterr\u00e9. Pourtant, c\u2019est l\u2019unique voie devant permettre \u00e0 l\u2019Etat de renforcer ses propres ressources, de disposer d\u2019une marge de man\u0153uvre plus importante et d\u2019\u00e9viter une aggravation de l\u2019endettement public qui fr\u00f4le actuellement les 100% du PIB.<\/p>\n<p><strong>Par Mohamed Amine<\/strong><\/p>\n<div class=\"vw-sticky-sidebar-wrapper vw-sticky-sidebar widget_text awac-wrapper widget_text awac widget custom_html-4 textwidget custom-html-widget\">\n<p class=\"has-background c12\"><span class=\"widget-title c11\">Tribune et D\u00e9bats<\/span><\/p>\n<p>La tribune qui vous parle d\u2019une actu, d\u2019un sujet qui fait d\u00e9bat, les traitent et les analysent. \u00c9conomistes et autres experts, patrons d\u2019entreprises, d\u00e9cideurs, acteurs de la soci\u00e9t\u00e9 civile, s\u2019y prononcent et contribuent \u00e0 sa grande richesse. Vous avez votre opinion, convergente ou diff\u00e9rente. Exprimez-la et mesurez-vous ainsi \u00e0 nos tribuns et d\u00e9batteurs.<\/p>\n<p>Envoyez vos analyses \u00e0 : <a href=\"\/cdn-cgi\/l\/email-protection#20434f4e54414354604348414c4c454e47450e4d41\"><span class=\"__cf_email__\" data-cfemail=\"f695999882979582b6959e979a9a93989193d89b97\">[email\u00a0protected]<\/span><\/a>, en pr\u00e9cisant votre nom, votre pr\u00e9nom et votre m\u00e9tier.<\/p>\n<\/div>\n<p>Auteur: challenge<br \/>\n<a href=\"https:\/\/www.challenge.ma\/projet-de-loi-de-finances-rectificative-quoi-de-neuf-sur-le-volet-fiscal-148013\/\">Cliquez ici pour lire l&rsquo;article depuis sa source.<\/a><\/p>\n","protected":false},"excerpt":{"rendered":"<p>Des prolongements de d\u00e9lais pour des mesures d\u00e9j\u00e0 pr\u00e9vues dans la loi de finances de l\u2019ann\u00e9e 2020 et quelques menues bricoles. En fait, presque rien. A part des prolongements de d\u00e9lais relatifs \u00e0 des mesures d\u00e9j\u00e0 pr\u00e9vues par la loi de finances de l\u2019ann\u00e9e 2020. Ainsi, en est-il de la \u00ab\u00a0r\u00e9gularisation spontan\u00e9e de la situation [&hellip;]<\/p>\n","protected":false},"author":1787,"featured_media":0,"comment_status":"closed","ping_status":"closed","sticky":false,"template":"","format":"standard","meta":{"fifu_image_url":"","fifu_image_alt":"","footnotes":""},"categories":[78,54],"tags":[],"class_list":["post-91681","post","type-post","status-publish","format-standard","hentry","category-economie","category-maroc"],"_links":{"self":[{"href":"https:\/\/linitiative.ca\/International\/wp-json\/wp\/v2\/posts\/91681","targetHints":{"allow":["GET"]}}],"collection":[{"href":"https:\/\/linitiative.ca\/International\/wp-json\/wp\/v2\/posts"}],"about":[{"href":"https:\/\/linitiative.ca\/International\/wp-json\/wp\/v2\/types\/post"}],"author":[{"embeddable":true,"href":"https:\/\/linitiative.ca\/International\/wp-json\/wp\/v2\/users\/1787"}],"replies":[{"embeddable":true,"href":"https:\/\/linitiative.ca\/International\/wp-json\/wp\/v2\/comments?post=91681"}],"version-history":[{"count":0,"href":"https:\/\/linitiative.ca\/International\/wp-json\/wp\/v2\/posts\/91681\/revisions"}],"wp:attachment":[{"href":"https:\/\/linitiative.ca\/International\/wp-json\/wp\/v2\/media?parent=91681"}],"wp:term":[{"taxonomy":"category","embeddable":true,"href":"https:\/\/linitiative.ca\/International\/wp-json\/wp\/v2\/categories?post=91681"},{"taxonomy":"post_tag","embeddable":true,"href":"https:\/\/linitiative.ca\/International\/wp-json\/wp\/v2\/tags?post=91681"}],"curies":[{"name":"wp","href":"https:\/\/api.w.org\/{rel}","templated":true}]}}