{"id":91682,"date":"2020-07-08T16:05:22","date_gmt":"2020-07-08T20:05:22","guid":{"rendered":"https:\/\/linitiative.ca\/International\/mre-ouverture-des-frontieres-aeriennes-et-maritimes-a-partir-du-14-juillet\/"},"modified":"2020-07-08T16:05:22","modified_gmt":"2020-07-08T20:05:22","slug":"mre-ouverture-des-frontieres-aeriennes-et-maritimes-a-partir-du-14-juillet","status":"publish","type":"post","link":"https:\/\/linitiative.ca\/International\/mre-ouverture-des-frontieres-aeriennes-et-maritimes-a-partir-du-14-juillet\/","title":{"rendered":"MRE: ouverture des fronti\u00e8res a\u00e9riennes et maritimes \u00e0 partir du 14 juillet"},"content":{"rendered":"<p><strong>Selon une information officielle du gouvernement marocain, les citoyens marocains et les r\u00e9sidents \u00e9trangers au royaume, ainsi que leurs familles pourront acc\u00e9der au territoire national, \u00e0 partir du 14 juillet 2020 \u00e0 minuit par voies a\u00e9riennes et maritimes.<\/strong><\/p>\n<div class=\"c10\"\/>\n<p>L\u2019annonce a \u00e9t\u00e9 faite le 8 juillet via un communiqu\u00e9 conjoint du minist\u00e8re de l\u2019Int\u00e9rieur, de celui des Affaires \u00e9trang\u00e8res, de la Coop\u00e9ration africaine et des Marocains r\u00e9sidant \u00e0 l\u2019\u00e9tranger et le d\u00e9partement de la Sant\u00e9. On apprend que les <strong>compagnies a\u00e9riennes<\/strong> nationales programmeront autant de vols que n\u00e9cessaires pour la r\u00e9ussite de cette op\u00e9ration et que les passagers seront tenus de pr\u00e9senter, avant l\u2019<strong>embarquement<\/strong>, un test PCR de moins de 48 heures, ainsi qu\u2019un test s\u00e9rologique.<\/p>\n<p><strong>Lire aussi|<\/strong> <a href=\"https:\/\/www.challenge.ma\/loi-de-finances-rectificative-voici-les-mesures-prevues-147916\/\"><strong>Loi de Finances rectificative: voici les mesures pr\u00e9vues<\/strong><\/a><\/p>\n<p>Notons aussi que les bateaux ferrys seront programm\u00e9s \u00e0 cet effet, exclusivement \u00e0 partir des <strong>ports<\/strong> de S\u00e8te (en France) et de Gene (en Italie), \u00e0 l\u2019exclusion de tout autre port. De m\u00eame, les voyageurs de ces ferrys seront tenus de fournir un test PCR de moins de 48 heures et devront se conformer aux mesures d\u2019hygi\u00e8ne strictes pr\u00e9conis\u00e9es.<\/p>\n<p><strong>Lire aussi|<\/strong> <a href=\"https:\/\/www.challenge.ma\/15-pistes-pour-une-relance-par-linvestissement-et-la-consommation-147777\/\"><strong>15 pistes pour une relance par l\u2019investissement et la consommation<\/strong><\/a><\/p>\n<p>Soulignons qu\u2019un contr\u00f4le PCR pourrait \u00e9ventuellement \u00eatre effectu\u00e9 pendant le voyage. Enfin, les Marocains r\u00e9sidents \u00e0 l\u2019\u00e9tranger ainsi que les \u00e9trangers r\u00e9sidant au Maroc pourront quitter le royaume, \u00e0 l\u2019issue de leur s\u00e9jour, par les m\u00eames moyens a\u00e9rien et maritime.<\/p>\n<div class=\"vw-sticky-sidebar-wrapper vw-sticky-sidebar widget_text awac-wrapper widget_text awac widget custom_html-4 textwidget custom-html-widget\">\n<p class=\"has-background c12\"><span class=\"widget-title c11\">Tribune et D\u00e9bats<\/span><\/p>\n<p>La tribune qui vous parle d\u2019une actu, d\u2019un sujet qui fait d\u00e9bat, les traitent et les analysent. \u00c9conomistes et autres experts, patrons d\u2019entreprises, d\u00e9cideurs, acteurs de la soci\u00e9t\u00e9 civile, s\u2019y prononcent et contribuent \u00e0 sa grande richesse. Vous avez votre opinion, convergente ou diff\u00e9rente. Exprimez-la et mesurez-vous ainsi \u00e0 nos tribuns et d\u00e9batteurs.<\/p>\n<p>Envoyez vos analyses \u00e0 : <a href=\"\/cdn-cgi\/l\/email-protection#385b57564c595b4c785b505954545d565f5d165559\"><span class=\"__cf_email__\" data-cfemail=\"ec8f8382988d8f98ac8f848d808089828b89c2818d\">[email\u00a0protected]<\/span><\/a>, en pr\u00e9cisant votre nom, votre pr\u00e9nom et votre m\u00e9tier.<\/p>\n<\/div>\n<p>Auteur: challenge<br \/>\n<a href=\"https:\/\/www.challenge.ma\/mre-ouverture-des-frontieres-aeriennes-et-maritimes-a-partir-du-14-juillet-148024\/\">Cliquez ici pour lire l&rsquo;article depuis sa source.<\/a><\/p>\n","protected":false},"excerpt":{"rendered":"<p>Selon une information officielle du gouvernement marocain, les citoyens marocains et les r\u00e9sidents \u00e9trangers au royaume, ainsi que leurs familles pourront acc\u00e9der au territoire national, \u00e0 partir du 14 juillet 2020 \u00e0 minuit par voies a\u00e9riennes et maritimes. L\u2019annonce a \u00e9t\u00e9 faite le 8 juillet via un communiqu\u00e9 conjoint du minist\u00e8re de l\u2019Int\u00e9rieur, de celui [&hellip;]<\/p>\n","protected":false},"author":1787,"featured_media":0,"comment_status":"closed","ping_status":"closed","sticky":false,"template":"","format":"standard","meta":{"fifu_image_url":"","fifu_image_alt":"","footnotes":""},"categories":[78,54],"tags":[],"class_list":["post-91682","post","type-post","status-publish","format-standard","hentry","category-economie","category-maroc"],"_links":{"self":[{"href":"https:\/\/linitiative.ca\/International\/wp-json\/wp\/v2\/posts\/91682","targetHints":{"allow":["GET"]}}],"collection":[{"href":"https:\/\/linitiative.ca\/International\/wp-json\/wp\/v2\/posts"}],"about":[{"href":"https:\/\/linitiative.ca\/International\/wp-json\/wp\/v2\/types\/post"}],"author":[{"embeddable":true,"href":"https:\/\/linitiative.ca\/International\/wp-json\/wp\/v2\/users\/1787"}],"replies":[{"embeddable":true,"href":"https:\/\/linitiative.ca\/International\/wp-json\/wp\/v2\/comments?post=91682"}],"version-history":[{"count":0,"href":"https:\/\/linitiative.ca\/International\/wp-json\/wp\/v2\/posts\/91682\/revisions"}],"wp:attachment":[{"href":"https:\/\/linitiative.ca\/International\/wp-json\/wp\/v2\/media?parent=91682"}],"wp:term":[{"taxonomy":"category","embeddable":true,"href":"https:\/\/linitiative.ca\/International\/wp-json\/wp\/v2\/categories?post=91682"},{"taxonomy":"post_tag","embeddable":true,"href":"https:\/\/linitiative.ca\/International\/wp-json\/wp\/v2\/tags?post=91682"}],"curies":[{"name":"wp","href":"https:\/\/api.w.org\/{rel}","templated":true}]}}