{"id":91683,"date":"2020-07-08T13:43:44","date_gmt":"2020-07-08T17:43:44","guid":{"rendered":"https:\/\/linitiative.ca\/International\/tunisie-huit-mois-de-prison-ferme-pour-khaled-fakhfakh\/"},"modified":"2020-07-08T13:43:44","modified_gmt":"2020-07-08T17:43:44","slug":"tunisie-huit-mois-de-prison-ferme-pour-khaled-fakhfakh","status":"publish","type":"post","link":"https:\/\/linitiative.ca\/International\/tunisie-huit-mois-de-prison-ferme-pour-khaled-fakhfakh\/","title":{"rendered":"Tunisie \u2013 Huit mois de prison ferme pour Khaled Fakhfakh"},"content":{"rendered":"<div class=\"post-cont-in left relative\">\n<p>Le pr\u00e9sident de la F\u00e9d\u00e9ration Tunisienne d\u2019h\u00f4tellerie, Khaled Fakhfakh a \u00e9t\u00e9 condamn\u00e9 \u00e0 huit mois de prison ferme, assortis d\u2019une amende de 3000 DT, selon les sources du site d\u2019information R\u00e9alit\u00e9s.com.<\/p>\n<div class=\"code-block code-block-1 c3\"><ins class=\"adsbygoogle c2\" data-ad-layout=\"in-article\" data-ad-format=\"fluid\" data-ad-client=\"ca-pub-2102118777505746\" data-ad-slot=\"7301775417\"\/> <\/div>\n<p>Cette condamnation fait suite \u00e0 une plainte en p\u00e9nal d\u00e9pos\u00e9e contre Fakhfakh par le patron d\u2019un groupe h\u00f4telier qui avait en octobre 2019, tent\u00e9 de saisir un avion de la compagnie Condor, filiale du voyagiste Thomas Cook, en le bloquant sur le tarmac de l\u2019a\u00e9roport de Djerba, afin d\u2019obliger l\u2019agence \u00e0\u00a0 payer des arri\u00e9r\u00e9s. Sachant que ce m\u00eame h\u00f4telier avait, auparavant, tent\u00e9 de retenir plusieurs touristes clients de Thomas Cook, \u00e0 la fin de leur s\u00e9jour \u00e0 <a href=\"https:\/\/www.tunisienumerique.com\/tunisie-actualite\/hammamet\/\" title=\"Hammamet\" target=\"_top\" class=\"auto-link\" rel=\"noopener noreferrer\">Hammamet<\/a>.<\/p>\n<p>La FTH a alors publi\u00e9 un communiqu\u00e9 pour condamner ce comportement de la part de l\u2019h\u00f4telier qui portait pr\u00e9judice \u00e0 l\u2019image de la Tunisie et de son tourisme.<\/p>\n<p>Cette r\u00e9action de la part de la FTH a d\u00e9plu au patron du groupe h\u00f4telier qui a port\u00e9 plainte et qui aurait obtenu gain de cause, aupr\u00e8s de la justice.<\/p>\n<div class=\"swp_social_panel swp_horizontal_panel swp_flat_fresh swp_default_full_color swp_individual_full_color swp_other_full_color scale-100 scale-\" data-min-width=\"1100\" data-float-color=\"#ffffff\" data-float=\"bottom\" data-float-mobile=\"bottom\" data-transition=\"slide\">\n<div class=\"nc_tweetContainer swp_share_button total_shares total_sharesalt\"><span class=\"swp_count\">42 <span class=\"swp_label\">Partages<\/span><\/span><\/div>\n<\/div>\n<p><strong>Que se passe-t-il en Tunisie?<\/strong><br \/>Nous expliquons sur notre <a href=\"https:\/\/www.youtube.com\/channel\/UCRzypVq0B_yBad5eGrwBx0Q?sub_confirmation=1\" target=\"_blank\" rel=\"noopener noreferrer\">cha\u00eene YouTube<\/a> . <a href=\"https:\/\/www.youtube.com\/channel\/UCRzypVq0B_yBad5eGrwBx0Q?sub_confirmation=1\" target=\"_blank\" rel=\"noopener noreferrer\">Abonnez-vous!<\/a><\/p>\n<div class=\"mvp-org-wrap mvp-org-logo\" itemprop=\"publisher\" itemscope=\"\" itemtype=\"https:\/\/schema.org\/Organization\"><img decoding=\"async\" src=\"https:\/\/www.tunisienumerique.com\/wp-content\/uploads\/2017\/02\/logo_tunisie_numerique.png\"\/><\/div>\n<div class=\"mvp-related-posts left relative\">\n<h4 class=\"post-header\"><span class=\"post-header\">Lire aussi<\/span><\/h4>\n<\/div>\n<div id=\"article-ad\"><ins class=\"adsbygoogle c4\" data-ad-client=\"ca-pub-2102118777505746\" data-ad-slot=\"6513972734\" data-ad-format=\"auto\" data-full-width-responsive=\"true\"\/> <\/div>\n<\/div>\n<div id=\"post-sidebar-wrap\"><ins class=\"adsbygoogle c4\" data-ad-client=\"ca-pub-2102118777505746\" data-ad-slot=\"6168283410\" data-ad-format=\"auto\" data-full-width-responsive=\"true\"\/> <\/div>\n<p>Auteur: LM<br \/>\n<a href=\"https:\/\/www.tunisienumerique.com\/tunisie-huit-mois-de-prison-ferme-pour-khaled-fakhfakh\/\">Cliquez ici pour lire l&rsquo;article depuis sa source.<\/a><\/p>\n","protected":false},"excerpt":{"rendered":"<p>Le pr\u00e9sident de la F\u00e9d\u00e9ration Tunisienne d\u2019h\u00f4tellerie, Khaled Fakhfakh a \u00e9t\u00e9 condamn\u00e9 \u00e0 huit mois de prison ferme, assortis d\u2019une amende de 3000 DT, selon les sources du site d\u2019information R\u00e9alit\u00e9s.com. Cette condamnation fait suite \u00e0 une plainte en p\u00e9nal d\u00e9pos\u00e9e contre Fakhfakh par le patron d\u2019un groupe h\u00f4telier qui avait en octobre 2019, tent\u00e9 [&hellip;]<\/p>\n","protected":false},"author":1789,"featured_media":91684,"comment_status":"closed","ping_status":"closed","sticky":false,"template":"","format":"standard","meta":{"fifu_image_url":"","fifu_image_alt":"","footnotes":""},"categories":[73,55],"tags":[],"class_list":["post-91683","post","type-post","status-publish","format-standard","has-post-thumbnail","hentry","category-actualite","category-tunisie"],"_links":{"self":[{"href":"https:\/\/linitiative.ca\/International\/wp-json\/wp\/v2\/posts\/91683","targetHints":{"allow":["GET"]}}],"collection":[{"href":"https:\/\/linitiative.ca\/International\/wp-json\/wp\/v2\/posts"}],"about":[{"href":"https:\/\/linitiative.ca\/International\/wp-json\/wp\/v2\/types\/post"}],"author":[{"embeddable":true,"href":"https:\/\/linitiative.ca\/International\/wp-json\/wp\/v2\/users\/1789"}],"replies":[{"embeddable":true,"href":"https:\/\/linitiative.ca\/International\/wp-json\/wp\/v2\/comments?post=91683"}],"version-history":[{"count":0,"href":"https:\/\/linitiative.ca\/International\/wp-json\/wp\/v2\/posts\/91683\/revisions"}],"wp:featuredmedia":[{"embeddable":true,"href":"https:\/\/linitiative.ca\/International\/wp-json\/"}],"wp:attachment":[{"href":"https:\/\/linitiative.ca\/International\/wp-json\/wp\/v2\/media?parent=91683"}],"wp:term":[{"taxonomy":"category","embeddable":true,"href":"https:\/\/linitiative.ca\/International\/wp-json\/wp\/v2\/categories?post=91683"},{"taxonomy":"post_tag","embeddable":true,"href":"https:\/\/linitiative.ca\/International\/wp-json\/wp\/v2\/tags?post=91683"}],"curies":[{"name":"wp","href":"https:\/\/api.w.org\/{rel}","templated":true}]}}