{"id":91714,"date":"2020-07-08T10:04:55","date_gmt":"2020-07-08T14:04:55","guid":{"rendered":"https:\/\/linitiative.ca\/International\/un-camion-de-la-sabc-attaque-a-santa\/"},"modified":"2020-07-08T10:04:55","modified_gmt":"2020-07-08T14:04:55","slug":"un-camion-de-la-sabc-attaque-a-santa","status":"publish","type":"post","link":"https:\/\/linitiative.ca\/International\/un-camion-de-la-sabc-attaque-a-santa\/","title":{"rendered":"Un camion de la Sabc attaqu\u00e9 \u00e0 Santa"},"content":{"rendered":"<div class=\"featured-area featured-area-inner\"><img loading=\"lazy\" decoding=\"async\" width=\"670\" height=\"430\" src=\"https:\/\/ecomatin.net\/wp-content\/uploads\/2020\/07\/incendies_camion_separatiste_2_670.jpg\" class=\"attachment-full size-full wp-post-image\" alt=\"\" srcset=\"https:\/\/ecomatin.net\/wp-content\/uploads\/2020\/07\/incendies_camion_separatiste_2_670.jpg 670w, https:\/\/ecomatin.net\/wp-content\/uploads\/2020\/07\/incendies_camion_separatiste_2_670-300x193.jpg 300w\" sizes=\"auto, (max-width: 670px) 100vw, 670px\" data-attachment-id=\"16922\" data-permalink=\"https:\/\/ecomatin.net\/un-camion-de-la-sabc-attaque-a-santa\/incendies_camion_separatiste_2_670\/\" data-orig-file=\"https:\/\/ecomatin.net\/wp-content\/uploads\/2020\/07\/incendies_camion_separatiste_2_670.jpg\" data-orig-size=\"670,430\" data-comments-opened=\"0\" data-image-meta=\"{&quot;aperture&quot;:&quot;0&quot;,&quot;credit&quot;:&quot;&quot;,&quot;camera&quot;:&quot;&quot;,&quot;caption&quot;:&quot;&quot;,&quot;created_timestamp&quot;:&quot;0&quot;,&quot;copyright&quot;:&quot;&quot;,&quot;focal_length&quot;:&quot;0&quot;,&quot;iso&quot;:&quot;0&quot;,&quot;shutter_speed&quot;:&quot;0&quot;,&quot;title&quot;:&quot;&quot;,&quot;orientation&quot;:&quot;0&quot;}\" data-image-title=\"incendies_camion_separatiste_2_670\" data-image-description=\"\" data-medium-file=\"https:\/\/ecomatin.net\/wp-content\/uploads\/2020\/07\/incendies_camion_separatiste_2_670-300x193.jpg\" data-large-file=\"https:\/\/ecomatin.net\/wp-content\/uploads\/2020\/07\/incendies_camion_separatiste_2_670.jpg\"\/><\/div>\n<div class=\"entry-content entry clearfix\" readability=\"39.834033613445\">\n<p>La Soci\u00e9t\u00e9 anonyme des brasseries du Cameroun (Sabc) confirme l\u2019information. Un camion de transport des produits de l\u2019entreprise brassicole a \u00e9t\u00e9 victime d\u2019une attaque en zone anglophone. Dans la localit\u00e9 \u00a0de Santa, r\u00e9gion du Nord-ouest. L\u2019attentat s\u2019est produit le 5 juillet 2020, d\u2019apr\u00e8s notre source. Aucune information malheureusement sur l\u2019identit\u00e9 des assaillants n\u2019a \u00e9t\u00e9 d\u00e9voil\u00e9e. Seule certitude, la zone anglophone du Cameroun (Nord-ouest et Sud-ouest) est le th\u00e9\u00e2tre, depuis 2016, de nombreux assauts perp\u00e9tr\u00e9s par des s\u00e9paratistes s\u00e9cessionnistes, avec pour \u00e9picentre Bamenda, la capitale r\u00e9gionale du Nord-ouest.\u00a0<\/p>\n<p>\u00abD\u2019apr\u00e8s les premi\u00e8res informations recens\u00e9es, un camion contenant nos produits et appartenant \u00e0 un de nos transporteurs a \u00e9t\u00e9 immobilis\u00e9 par un groupe arm\u00e9 avant d\u2019\u00eatre br\u00fbl\u00e9 par ce dernier \u00bb, \u00a0confirme une, un responsable de la Sabc. Dans le bourbier de l\u2019ins\u00e9curit\u00e9 dans les r\u00e9gions anglophones, la soci\u00e9t\u00e9 brassicole a pay\u00e9 un lourd tribut (v\u00e9hicules incendi\u00e9s, d\u00e9gradation des \u00e9quipements, vols \u00a0de produits, chantage et menaces, perte de pr\u00e9sence et de volumes etc\u2026). Provoquant un red\u00e9ploiement de son personnel et partenaires dans d\u2019autres zones par la direction du groupe.\u00a0<\/p>\n<p>Les \u00a0brasseries du Cameroun avaient par cons\u00e9quent d\u00e9cid\u00e9, fin 2018 de fermer temporairement 2 centres de distribution dans les zones anglophones, \u00abafin d\u2019assurer la s\u00e9curit\u00e9 de ses collaborateurs ainsi que celle de leurs familles\u00bb, pr\u00e9cisait Emmanuel de Tailly le 10 septembre 2019, dans un communiqu\u00e9. 150 employ\u00e9s du groupe avaient \u00e9galement b\u00e9n\u00e9fici\u00e9 de cette mesure de red\u00e9ploiement d\u2019urgence, ainsi que les Prestataires Vendeurs Livreurs (Pvl) de la Sabc exer\u00e7ant dans ces localit\u00e9s. Aucun bilan humain et mat\u00e9riel sur l\u2019attaque de Santa n\u2019est malheureusement encore disponible.<\/p>\n<p><strong>Lire aussi<\/strong> : \u00a0<a href=\"https:\/\/ecomatin.net\/crise-anglophone-la-sabc-dement-tout-licenciement-des-employes\/\">Crise anglophone\u00a0: la Sabc d\u00e9ment tout licenciement des employ\u00e9<\/a>s<\/p>\n<div class=\"awac-wrapper awac widget posts-list-widget-11\">\n<h4 class=\"widget-title\">Le plus r\u00e9cent<\/h4>\n<\/div>\n<\/div>\n<p>Auteur: Eco Matin<br \/>\n<a href=\"https:\/\/ecomatin.net\/un-camion-de-la-sabc-attaque-a-santa\/\">Cliquez ici pour lire l&rsquo;article depuis sa source.<\/a><\/p>\n","protected":false},"excerpt":{"rendered":"<p>La Soci\u00e9t\u00e9 anonyme des brasseries du Cameroun (Sabc) confirme l\u2019information. Un camion de transport des produits de l\u2019entreprise brassicole a \u00e9t\u00e9 victime d\u2019une attaque en zone anglophone. Dans la localit\u00e9 \u00a0de Santa, r\u00e9gion du Nord-ouest. L\u2019attentat s\u2019est produit le 5 juillet 2020, d\u2019apr\u00e8s notre source. Aucune information malheureusement sur l\u2019identit\u00e9 des assaillants n\u2019a \u00e9t\u00e9 d\u00e9voil\u00e9e. [&hellip;]<\/p>\n","protected":false},"author":1969,"featured_media":91715,"comment_status":"closed","ping_status":"closed","sticky":false,"template":"","format":"standard","meta":{"fifu_image_url":"","fifu_image_alt":"","footnotes":""},"categories":[82,78],"tags":[],"class_list":["post-91714","post","type-post","status-publish","format-standard","has-post-thumbnail","hentry","category-cameroun","category-economie"],"_links":{"self":[{"href":"https:\/\/linitiative.ca\/International\/wp-json\/wp\/v2\/posts\/91714","targetHints":{"allow":["GET"]}}],"collection":[{"href":"https:\/\/linitiative.ca\/International\/wp-json\/wp\/v2\/posts"}],"about":[{"href":"https:\/\/linitiative.ca\/International\/wp-json\/wp\/v2\/types\/post"}],"author":[{"embeddable":true,"href":"https:\/\/linitiative.ca\/International\/wp-json\/wp\/v2\/users\/1969"}],"replies":[{"embeddable":true,"href":"https:\/\/linitiative.ca\/International\/wp-json\/wp\/v2\/comments?post=91714"}],"version-history":[{"count":0,"href":"https:\/\/linitiative.ca\/International\/wp-json\/wp\/v2\/posts\/91714\/revisions"}],"wp:featuredmedia":[{"embeddable":true,"href":"https:\/\/linitiative.ca\/International\/wp-json\/"}],"wp:attachment":[{"href":"https:\/\/linitiative.ca\/International\/wp-json\/wp\/v2\/media?parent=91714"}],"wp:term":[{"taxonomy":"category","embeddable":true,"href":"https:\/\/linitiative.ca\/International\/wp-json\/wp\/v2\/categories?post=91714"},{"taxonomy":"post_tag","embeddable":true,"href":"https:\/\/linitiative.ca\/International\/wp-json\/wp\/v2\/tags?post=91714"}],"curies":[{"name":"wp","href":"https:\/\/api.w.org\/{rel}","templated":true}]}}