{"id":91718,"date":"2020-07-09T10:01:03","date_gmt":"2020-07-09T14:01:03","guid":{"rendered":"https:\/\/linitiative.ca\/International\/larache-demantelement-dun-reseau-de-traite-humaine-et-dimmigration-clandestine\/"},"modified":"2020-07-09T10:01:03","modified_gmt":"2020-07-09T14:01:03","slug":"larache-demantelement-dun-reseau-de-traite-humaine-et-dimmigration-clandestine","status":"publish","type":"post","link":"https:\/\/linitiative.ca\/International\/larache-demantelement-dun-reseau-de-traite-humaine-et-dimmigration-clandestine\/","title":{"rendered":"Larache : D\u00e9mant\u00e8lement  d\u2019un r\u00e9seau de traite humaine et d\u2019immigration clandestine"},"content":{"rendered":"<header>\n<\/header>\n<div class=\"entry-content clearfix\" readability=\"51\"><img decoding=\"async\" class=\"post_layout_5_img\" src=\"http:\/\/aujourdhui.ma\/wp-content\/uploads\/2019\/10\/immigration-clandestine.jpg\" alt=\"Larache : D&#xE9;mant&#xE8;lement d&#x2019;un r&#xE9;seau de traite humaine et d&#x2019;immigration clandestine\"\/><\/p>\n<p><strong>A Larache, trois personnes, \u00e2g\u00e9es entre vingt-trois et quarante-et-un ans, soup\u00e7onn\u00e9es d\u2019avoir une relation avec un r\u00e9seau criminel tr\u00e8s actif dans la traite des \u00eatres humains et l\u2019immigration clandestine ont \u00e9t\u00e9 arr\u00eat\u00e9es par les \u00e9l\u00e9ments de la police judiciaire relevant du district de la s\u00fbret\u00e9 de la ville, apprend-on d\u2019une source polici\u00e8re.<\/strong> <span id=\"more-350141\"\/><\/p>\n<p>Les trois suspects ont \u00e9t\u00e9 traduits, au d\u00e9but de la semaine en cours, devant le procureur du Roi pr\u00e8s le tribunal de premi\u00e8re instance de la ville, a pr\u00e9cis\u00e9 la m\u00eame source qui a ajout\u00e9 que deux des trois suspects ont \u00e9t\u00e9 \u00e9pingl\u00e9s \u00e0 l\u2019int\u00e9rieur d\u2019un local commercial situ\u00e9 au Jnane Aquarious, alors qu\u2019ils pr\u00e9paraient une op\u00e9ration d\u2019immigration clandestine par voie maritime. Apr\u00e8s quoi, le troisi\u00e8me suspect a \u00e9t\u00e9 mis hors d\u2019\u00e9tat de nuire.<br \/>Lors de la perquisition effectu\u00e9e sur le local commercial lou\u00e9 par les trois suspects, les limiers de Larache ont saisi un moteur de forte puissance, 150 litres d\u2019essence et une importance somme d\u2019argent.<\/p>\n<\/div>\n<p>Auteur: ALM<br \/>\n<a href=\"https:\/\/aujourdhui.ma\/faits-divers\/larache-demantelement-dun-reseau-de-traite-humaine-et-dimmigration-clandestine\">Cliquez ici pour lire l&rsquo;article depuis sa source.<\/a><\/p>\n","protected":false},"excerpt":{"rendered":"<p>A Larache, trois personnes, \u00e2g\u00e9es entre vingt-trois et quarante-et-un ans, soup\u00e7onn\u00e9es d\u2019avoir une relation avec un r\u00e9seau criminel tr\u00e8s actif dans la traite des \u00eatres humains et l\u2019immigration clandestine ont \u00e9t\u00e9 arr\u00eat\u00e9es par les \u00e9l\u00e9ments de la police judiciaire relevant du district de la s\u00fbret\u00e9 de la ville, apprend-on d\u2019une source polici\u00e8re. Les trois suspects [&hellip;]<\/p>\n","protected":false},"author":1759,"featured_media":91719,"comment_status":"closed","ping_status":"closed","sticky":false,"template":"","format":"standard","meta":{"fifu_image_url":"","fifu_image_alt":"","footnotes":""},"categories":[73,54],"tags":[],"class_list":["post-91718","post","type-post","status-publish","format-standard","has-post-thumbnail","hentry","category-actualite","category-maroc"],"_links":{"self":[{"href":"https:\/\/linitiative.ca\/International\/wp-json\/wp\/v2\/posts\/91718","targetHints":{"allow":["GET"]}}],"collection":[{"href":"https:\/\/linitiative.ca\/International\/wp-json\/wp\/v2\/posts"}],"about":[{"href":"https:\/\/linitiative.ca\/International\/wp-json\/wp\/v2\/types\/post"}],"author":[{"embeddable":true,"href":"https:\/\/linitiative.ca\/International\/wp-json\/wp\/v2\/users\/1759"}],"replies":[{"embeddable":true,"href":"https:\/\/linitiative.ca\/International\/wp-json\/wp\/v2\/comments?post=91718"}],"version-history":[{"count":0,"href":"https:\/\/linitiative.ca\/International\/wp-json\/wp\/v2\/posts\/91718\/revisions"}],"wp:featuredmedia":[{"embeddable":true,"href":"https:\/\/linitiative.ca\/International\/wp-json\/"}],"wp:attachment":[{"href":"https:\/\/linitiative.ca\/International\/wp-json\/wp\/v2\/media?parent=91718"}],"wp:term":[{"taxonomy":"category","embeddable":true,"href":"https:\/\/linitiative.ca\/International\/wp-json\/wp\/v2\/categories?post=91718"},{"taxonomy":"post_tag","embeddable":true,"href":"https:\/\/linitiative.ca\/International\/wp-json\/wp\/v2\/tags?post=91718"}],"curies":[{"name":"wp","href":"https:\/\/api.w.org\/{rel}","templated":true}]}}