{"id":91720,"date":"2020-07-09T10:06:10","date_gmt":"2020-07-09T14:06:10","guid":{"rendered":"https:\/\/linitiative.ca\/International\/les-precisions-de-la-ram-vols-programmes-exceptionnellement-des-le-15-juillet-2020\/"},"modified":"2020-07-09T10:06:10","modified_gmt":"2020-07-09T14:06:10","slug":"les-precisions-de-la-ram-vols-programmes-exceptionnellement-des-le-15-juillet-2020","status":"publish","type":"post","link":"https:\/\/linitiative.ca\/International\/les-precisions-de-la-ram-vols-programmes-exceptionnellement-des-le-15-juillet-2020\/","title":{"rendered":"Les pr\u00e9cisions de la RAM : Vols programm\u00e9s exceptionnellement d\u00e8s le 15 juillet 2020"},"content":{"rendered":"<header>\n<\/header>\n<div class=\"entry-content clearfix\" readability=\"63\"><img decoding=\"async\" class=\"post_layout_5_img\" src=\"http:\/\/aujourdhui.ma\/wp-content\/uploads\/2020\/03\/RAM-1.jpg\" alt=\"Les pr&#xE9;cisions de la RAM : Vols programm&#xE9;s exceptionnellement d&#xE8;s le 15 juillet 2020\"\/><\/p>\n<p><span class=\"c5\"><strong>Royal Air Maroc annonce dans un communiqu\u00e9 dat\u00e9 du 9 juillet 2020 qu\u2019elle mettra en place un nouveau programme de vols qui sera adapt\u00e9 aux conditions impos\u00e9es par le gouvernement dans le cadre de cette op\u00e9ration.<\/strong><\/span> <span id=\"more-350143\"\/><\/p>\n<p>Cette d\u00e9cision vient suite au communiqu\u00e9 du gouvernement marocain autorisant le d\u00e9placement par voies a\u00e9rienne et maritime entre le Maroc et le reste du monde sous certaines conditions. Dans son communiqu\u00e9, la compagnie nationale tient \u00e0 pr\u00e9ciser \u00abqu\u2019il s\u2019agira de vols sp\u00e9ciaux qui seront programm\u00e9s, en parfaite coordination avec les autorit\u00e9s marocaines concern\u00e9es.<\/p>\n<p>Ils concerneront un nombre limit\u00e9 de destinations, compos\u00e9 en partie de routes d\u00e9j\u00e0 desservies par Royal Air Maroc\u00bb ajoutant que le programme devrait \u00eatre finalis\u00e9 pour un d\u00e9but de commercialisation avant la fin de cette semaine, et d\u00e8s lors les modalit\u00e9s de vente des billets seront communiqu\u00e9es. La Royal Air Maroc indique \u00e9galement qu\u2019elle a mis en place des mesures de s\u00e9curit\u00e9 sanitaire afin de garantir la sant\u00e9 et la s\u00e9curit\u00e9 de ses clients et de son personnel, et ce conform\u00e9ment aux recommandations des pouvoirs publics et aux normes internationales.<\/p>\n<p>Dans ce sens, le port du masque est obligatoire sur l\u2019ensemble de ses vols et seuls les sacs \u00e0 main et les sacs pour enfants et pour ordinateurs sont autoris\u00e9s \u00e0 bord comme bagages cabine. La RAM rappelle \u00e9galement que ses services proc\u00e8dent, entre autres, \u00e0 la d\u00e9sinfection r\u00e9guli\u00e8re des avions et de tous les espaces emprunt\u00e9s par les passagers depuis l\u2019enregistrement jusqu\u2019\u00e0 l\u2019embarquement.<\/p>\n<p>Enfin, elle souligne que les mesures de s\u00e9curit\u00e9 sanitaire sont extr\u00eamement respect\u00e9es durant l\u2019op\u00e9ration d\u2019embarquement comme le respect de la distanciation dans la zone d\u2019embarquement, dans les bus de transfert et dans les escabeaux et les passerelles.<\/p>\n<\/div>\n<p>Auteur: ALM<br \/>\n<a href=\"https:\/\/aujourdhui.ma\/economie\/les-precisions-de-la-ram-vols-programmes-exceptionnellement-des-le-15-juillet-2020\">Cliquez ici pour lire l&rsquo;article depuis sa source.<\/a><\/p>\n","protected":false},"excerpt":{"rendered":"<p>Royal Air Maroc annonce dans un communiqu\u00e9 dat\u00e9 du 9 juillet 2020 qu\u2019elle mettra en place un nouveau programme de vols qui sera adapt\u00e9 aux conditions impos\u00e9es par le gouvernement dans le cadre de cette op\u00e9ration. Cette d\u00e9cision vient suite au communiqu\u00e9 du gouvernement marocain autorisant le d\u00e9placement par voies a\u00e9rienne et maritime entre le [&hellip;]<\/p>\n","protected":false},"author":1759,"featured_media":91721,"comment_status":"closed","ping_status":"closed","sticky":false,"template":"","format":"standard","meta":{"fifu_image_url":"","fifu_image_alt":"","footnotes":""},"categories":[73,54],"tags":[],"class_list":["post-91720","post","type-post","status-publish","format-standard","has-post-thumbnail","hentry","category-actualite","category-maroc"],"_links":{"self":[{"href":"https:\/\/linitiative.ca\/International\/wp-json\/wp\/v2\/posts\/91720","targetHints":{"allow":["GET"]}}],"collection":[{"href":"https:\/\/linitiative.ca\/International\/wp-json\/wp\/v2\/posts"}],"about":[{"href":"https:\/\/linitiative.ca\/International\/wp-json\/wp\/v2\/types\/post"}],"author":[{"embeddable":true,"href":"https:\/\/linitiative.ca\/International\/wp-json\/wp\/v2\/users\/1759"}],"replies":[{"embeddable":true,"href":"https:\/\/linitiative.ca\/International\/wp-json\/wp\/v2\/comments?post=91720"}],"version-history":[{"count":0,"href":"https:\/\/linitiative.ca\/International\/wp-json\/wp\/v2\/posts\/91720\/revisions"}],"wp:featuredmedia":[{"embeddable":true,"href":"https:\/\/linitiative.ca\/International\/wp-json\/"}],"wp:attachment":[{"href":"https:\/\/linitiative.ca\/International\/wp-json\/wp\/v2\/media?parent=91720"}],"wp:term":[{"taxonomy":"category","embeddable":true,"href":"https:\/\/linitiative.ca\/International\/wp-json\/wp\/v2\/categories?post=91720"},{"taxonomy":"post_tag","embeddable":true,"href":"https:\/\/linitiative.ca\/International\/wp-json\/wp\/v2\/tags?post=91720"}],"curies":[{"name":"wp","href":"https:\/\/api.w.org\/{rel}","templated":true}]}}