{"id":91722,"date":"2020-07-09T10:11:14","date_gmt":"2020-07-09T14:11:14","guid":{"rendered":"https:\/\/linitiative.ca\/International\/tanger-saisie-de-cocaine-heroine-et-haschich\/"},"modified":"2020-07-09T10:11:14","modified_gmt":"2020-07-09T14:11:14","slug":"tanger-saisie-de-cocaine-heroine-et-haschich","status":"publish","type":"post","link":"https:\/\/linitiative.ca\/International\/tanger-saisie-de-cocaine-heroine-et-haschich\/","title":{"rendered":"Tanger : Saisie de coca\u00efne, h\u00e9ro\u00efne et haschich"},"content":{"rendered":"<header>\n<\/header>\n<div class=\"entry-content clearfix\" readability=\"46\"><img decoding=\"async\" class=\"post_layout_5_img\" src=\"http:\/\/aujourdhui.ma\/wp-content\/uploads\/2016\/12\/heroine-Drogue.jpg\" alt=\"Tanger : Saisie de coca&#xEF;ne, h&#xE9;ro&#xEF;ne et haschich\"\/><\/p>\n<p><strong>Apr\u00e8s une traque qui a dur\u00e9 une semaine, un jeune trafiquant de drogue, \u00e2g\u00e9 de vingt-huit ans, est finalement tomb\u00e9 dans les filets de la police judiciaire relevant de la s\u00fbret\u00e9 de Tanger.<\/strong><span id=\"more-350145\"\/><\/p>\n<p>Il a \u00e9t\u00e9 \u00e9pingl\u00e9 au quartier Ard Daoula, dans la capitale du d\u00e9troit, en possession de trente-huit capsules d\u2019h\u00e9ro\u00efne, trente-quatre capsules de coca\u00efne et cent-cinquante grammes de haschich. Ont \u00e9galement \u00e9t\u00e9 saisis sur lui une importante somme d\u2019argent, une petite balance \u00e9lectronique et un couteau. Apr\u00e8s avoir avou\u00e9 s\u2019adonner au trafic de drogue, le mis en cause a \u00e9t\u00e9 traduit devant le procureur du Roi pr\u00e8s le tribunal de premi\u00e8re instance de Tanger.<\/p>\n<\/div>\n<p>Auteur: ALM<br \/>\n<a href=\"https:\/\/aujourdhui.ma\/faits-divers\/tanger-saisie-de-cocaine-heroine-et-haschich\">Cliquez ici pour lire l&rsquo;article depuis sa source.<\/a><\/p>\n","protected":false},"excerpt":{"rendered":"<p>Apr\u00e8s une traque qui a dur\u00e9 une semaine, un jeune trafiquant de drogue, \u00e2g\u00e9 de vingt-huit ans, est finalement tomb\u00e9 dans les filets de la police judiciaire relevant de la s\u00fbret\u00e9 de Tanger. Il a \u00e9t\u00e9 \u00e9pingl\u00e9 au quartier Ard Daoula, dans la capitale du d\u00e9troit, en possession de trente-huit capsules d\u2019h\u00e9ro\u00efne, trente-quatre capsules de [&hellip;]<\/p>\n","protected":false},"author":1759,"featured_media":91723,"comment_status":"closed","ping_status":"closed","sticky":false,"template":"","format":"standard","meta":{"fifu_image_url":"","fifu_image_alt":"","footnotes":""},"categories":[73,54],"tags":[],"class_list":["post-91722","post","type-post","status-publish","format-standard","has-post-thumbnail","hentry","category-actualite","category-maroc"],"_links":{"self":[{"href":"https:\/\/linitiative.ca\/International\/wp-json\/wp\/v2\/posts\/91722","targetHints":{"allow":["GET"]}}],"collection":[{"href":"https:\/\/linitiative.ca\/International\/wp-json\/wp\/v2\/posts"}],"about":[{"href":"https:\/\/linitiative.ca\/International\/wp-json\/wp\/v2\/types\/post"}],"author":[{"embeddable":true,"href":"https:\/\/linitiative.ca\/International\/wp-json\/wp\/v2\/users\/1759"}],"replies":[{"embeddable":true,"href":"https:\/\/linitiative.ca\/International\/wp-json\/wp\/v2\/comments?post=91722"}],"version-history":[{"count":0,"href":"https:\/\/linitiative.ca\/International\/wp-json\/wp\/v2\/posts\/91722\/revisions"}],"wp:featuredmedia":[{"embeddable":true,"href":"https:\/\/linitiative.ca\/International\/wp-json\/"}],"wp:attachment":[{"href":"https:\/\/linitiative.ca\/International\/wp-json\/wp\/v2\/media?parent=91722"}],"wp:term":[{"taxonomy":"category","embeddable":true,"href":"https:\/\/linitiative.ca\/International\/wp-json\/wp\/v2\/categories?post=91722"},{"taxonomy":"post_tag","embeddable":true,"href":"https:\/\/linitiative.ca\/International\/wp-json\/wp\/v2\/tags?post=91722"}],"curies":[{"name":"wp","href":"https:\/\/api.w.org\/{rel}","templated":true}]}}