{"id":91724,"date":"2020-07-09T10:48:08","date_gmt":"2020-07-09T14:48:08","guid":{"rendered":"https:\/\/linitiative.ca\/International\/video-de-coupe-du-bois-dans-la-foret-ain-lahouala-les-explications-des-eaux-et-forets\/"},"modified":"2020-07-09T10:48:08","modified_gmt":"2020-07-09T14:48:08","slug":"video-de-coupe-du-bois-dans-la-foret-ain-lahouala-les-explications-des-eaux-et-forets","status":"publish","type":"post","link":"https:\/\/linitiative.ca\/International\/video-de-coupe-du-bois-dans-la-foret-ain-lahouala-les-explications-des-eaux-et-forets\/","title":{"rendered":"Vid\u00e9o de coupe du bois dans la for\u00eat Ain Lahouala : Les explications des Eaux et For\u00eats"},"content":{"rendered":"<header>\n<\/header>\n<div class=\"entry-content clearfix\" readability=\"47\"><img decoding=\"async\" class=\"post_layout_5_img\" src=\"http:\/\/aujourdhui.ma\/wp-content\/uploads\/2020\/07\/foret-coup-bois.jpg\" alt=\"Vid&#xE9;o de coupe du bois dans la for&#xEA;t Ain Lahouala : Les explications des Eaux et For&#xEA;ts\"\/><\/p>\n<p><strong>Contrairement \u00e0 ce que la vid\u00e9o partag\u00e9e sur les r\u00e9seaux sociaux laisse pr\u00e9tendre, le bois coup\u00e9 et dispers\u00e9 \u00e0 l\u2019int\u00e9rieur de la for\u00eat urbaine d\u2019Ain Lahouala<\/strong><span id=\"more-350148\"\/> r\u00e9sulte des travaux de sylviculture et de nettoiement des arbres morts sur pied dans ce milieu forestier. \u00abIl ne s\u2019agit pas de coupe ill\u00e9gale du bois mais des travaux ordinaires de sylviculture effectu\u00e9s sous l\u2019encadrement du personnel forestier local, dans le cadre d\u2019une prestation de service conclue avec une entreprise priv\u00e9e. Il s\u2019agit, en effet, d\u2019une op\u00e9ration technique courante et n\u00e9cessaire pour pallier le vieillissement du peuplement\u00bb, indique dans ce sens la Direction provinciale des eaux et for\u00eats de Rabat.<\/p>\n<p>Le d\u00e9partement indique par ailleurs avoir pr\u00e9vu le reboisement d\u2019une superficie de 11 ha (environ 9.000 jeunes plants) en 2021 au niveau de la for\u00eat d\u2019Ain Lahouala. L\u2019objectif de cette op\u00e9ration est de nettoyer et enlever les chablis et les arbres morts sur pied qui d\u00e9valorisent le paysage et qui peuvent constituer un risque sur la sant\u00e9 de la for\u00eat (risques d\u2019incendie et des attaques parasitaires) ou sur les visiteurs. A noter que cette op\u00e9ration ne concerne que les arbres morts sur pied, compos\u00e9s des esp\u00e8ces de pin, d\u2019eucalyptus et d\u2019accacia. Le bois issu de cette op\u00e9ration de nettoiement est transport\u00e9 au d\u00e9p\u00f4t forestier de Sidi Amira et sera mis \u00e0 la vente en adjudication publique conform\u00e9ment aux proc\u00e9dures l\u00e9gislatives en vigueur.<\/p>\n<\/div>\n<p>Auteur: ALM<br \/>\n<a href=\"https:\/\/aujourdhui.ma\/actualite\/video-de-coupe-du-bois-dans-la-foret-ain-lahouala-les-explications-des-eaux-et-forets\">Cliquez ici pour lire l&rsquo;article depuis sa source.<\/a><\/p>\n","protected":false},"excerpt":{"rendered":"<p>Contrairement \u00e0 ce que la vid\u00e9o partag\u00e9e sur les r\u00e9seaux sociaux laisse pr\u00e9tendre, le bois coup\u00e9 et dispers\u00e9 \u00e0 l\u2019int\u00e9rieur de la for\u00eat urbaine d\u2019Ain Lahouala r\u00e9sulte des travaux de sylviculture et de nettoiement des arbres morts sur pied dans ce milieu forestier. \u00abIl ne s\u2019agit pas de coupe ill\u00e9gale du bois mais des travaux [&hellip;]<\/p>\n","protected":false},"author":1759,"featured_media":91725,"comment_status":"closed","ping_status":"closed","sticky":false,"template":"","format":"standard","meta":{"fifu_image_url":"","fifu_image_alt":"","footnotes":""},"categories":[73,54],"tags":[],"class_list":["post-91724","post","type-post","status-publish","format-standard","has-post-thumbnail","hentry","category-actualite","category-maroc"],"_links":{"self":[{"href":"https:\/\/linitiative.ca\/International\/wp-json\/wp\/v2\/posts\/91724","targetHints":{"allow":["GET"]}}],"collection":[{"href":"https:\/\/linitiative.ca\/International\/wp-json\/wp\/v2\/posts"}],"about":[{"href":"https:\/\/linitiative.ca\/International\/wp-json\/wp\/v2\/types\/post"}],"author":[{"embeddable":true,"href":"https:\/\/linitiative.ca\/International\/wp-json\/wp\/v2\/users\/1759"}],"replies":[{"embeddable":true,"href":"https:\/\/linitiative.ca\/International\/wp-json\/wp\/v2\/comments?post=91724"}],"version-history":[{"count":0,"href":"https:\/\/linitiative.ca\/International\/wp-json\/wp\/v2\/posts\/91724\/revisions"}],"wp:featuredmedia":[{"embeddable":true,"href":"https:\/\/linitiative.ca\/International\/wp-json\/"}],"wp:attachment":[{"href":"https:\/\/linitiative.ca\/International\/wp-json\/wp\/v2\/media?parent=91724"}],"wp:term":[{"taxonomy":"category","embeddable":true,"href":"https:\/\/linitiative.ca\/International\/wp-json\/wp\/v2\/categories?post=91724"},{"taxonomy":"post_tag","embeddable":true,"href":"https:\/\/linitiative.ca\/International\/wp-json\/wp\/v2\/tags?post=91724"}],"curies":[{"name":"wp","href":"https:\/\/api.w.org\/{rel}","templated":true}]}}