{"id":91727,"date":"2020-07-09T08:34:22","date_gmt":"2020-07-09T12:34:22","guid":{"rendered":"https:\/\/linitiative.ca\/International\/agadir-respire-a-pleins-poumons\/"},"modified":"2020-07-09T08:34:22","modified_gmt":"2020-07-09T12:34:22","slug":"agadir-respire-a-pleins-poumons","status":"publish","type":"post","link":"https:\/\/linitiative.ca\/International\/agadir-respire-a-pleins-poumons\/","title":{"rendered":"Agadir respire \u00e0 pleins poumons!"},"content":{"rendered":"<p class=\"has-text-color c2\"><strong>Aurait-on besoin d\u2019une autre p\u00e9riode de l\u2019\u00e9tat d\u2019urgence dans notre pays? En fait progressivement, on s\u2019est pass\u00e9 de ses aspects, sans attendre la date butoir du 10 juillet, dans nombre de secteurs.<\/strong><\/p>\n<p>Mais, on aura insist\u00e9 sur les dispositions pr\u00e9ventives \u00e0 prendre, chaque fois que la n\u00e9cessit\u00e9 s\u2019y pr\u00eate. Au point que l\u2019on ne s\u2019y attend m\u00eame pas\u00a0! Au moment o\u00f9 on s\u2019acheminait vers l\u2019endiguement de la pand\u00e9mie, avec des taux d\u2019atteinte en r\u00e9gression et ceux de r\u00e9mission en net rebond, voil\u00e0 que des foyers d\u2019unit\u00e9s de fabriques \u00e9clataient et semaient \u00e9moi et \u00a0anxi\u00e9t\u00e9.<\/p>\n<p>Cependant, il convient de dire aussi que cette profusion est due, sans doute au d\u00e9pistage massif qu\u2019on met au profit des patients, \u00e0 grande \u00e9chelle. Au demeurant, on s\u2019y oppose aussit\u00f4t, avec la fermet\u00e9 habituelle et s\u2019en sort aussi rapidement que possible.<\/p>\n<p>La r\u00e9gion de Souss Massa qui compte en effet, parmi les plus performantes \u00e0 ce propos, se r\u00e9tablit de ses plaies minimes sans tomber dans une r\u00e9elle end\u00e9mie, \u00e0 l\u2019image des cas r\u00e9duits, pour la plupart, \u00e9manant d\u2019autres r\u00e9gions. Il n\u2019y a pas de secret \u00e0 cette distinction dont se targue en particulier, la capitale du Souss, bien qu\u2019elle renferme de multiples unit\u00e9s de production aux secteurs d\u2019industrie, de b\u00e2timent, de p\u00eache et d\u2019agriculture.<\/p>\n<p>On \u00e9voquerait tout d\u2019abord, cette synergie hors pair de toutes les composantes de la communaut\u00e9 locale:autorit\u00e9s locales, Institutions \u00e9tatiques, acteurs de sant\u00e9, de la s\u00e9curit\u00e9, sous toutes ses cat\u00e9gories et soci\u00e9t\u00e9 civile. Une mobilisation sans rel\u00e2che pour faire face \u00e0 l\u2019\u00e9pid\u00e9mie, en toute t\u00e9m\u00e9rit\u00e9 et m\u00e9thode.<\/p>\n<p>Aujourd\u2019hui, il est question d\u2019un autre combat. Celui de la relance \u00e9conomique qui s\u2019articule dor\u00e9navant autour du plan de d\u00e9veloppement urbain dont la visite Royale du f\u00e9vrier dernier aura donn\u00e9 les ailes. Sous l\u2019instigation effective du chef de file r\u00e9gional qui veille au grain dans le sillage du spectaculaire entrain Royal, la machine de l\u2019\u00e9conomie se ressaisissait \u00e0 vive allure, \u00e0 travers des rencontres de suivi en permanence.<\/p>\n<p>Les projets en vue ravivent \u00e0 petits trots, les entreprises se donnent la vie \u00e0 nouveau, le tourisme se pr\u00eatent une nouvelle batterie de turbos dans les r\u00e9acteurs\u2026Pendant ce temps, la normalit\u00e9 se fait ressentir partout au grand bonheur des estivants et gamins qui d\u00e9ambulent, v\u00e9los et trottinettes, \u00e0 pleins poumons, dans les parcs publics. Agadir revit, apr\u00e8s plus de trois mois de confinement.<\/p>\n<p>Elle se r\u00e9volte contre le virus qu\u2019elle aura visiblement vaincu par toutes les mesures respect\u00e9es. Mais, elle devra continuer \u00e0 le faire pour vivre avec, dans le m\u00eame esprit de concorde.<\/p>\n<p>Auteur: M&rsquo;hammed rahal<br \/>\n<a href=\"http:\/\/albayane.press.ma\/agadir-respire-a-pleins-poumons.html\">Cliquez ici pour lire l&rsquo;article depuis sa source.<\/a><\/p>\n","protected":false},"excerpt":{"rendered":"<p>Aurait-on besoin d\u2019une autre p\u00e9riode de l\u2019\u00e9tat d\u2019urgence dans notre pays? En fait progressivement, on s\u2019est pass\u00e9 de ses aspects, sans attendre la date butoir du 10 juillet, dans nombre de secteurs. Mais, on aura insist\u00e9 sur les dispositions pr\u00e9ventives \u00e0 prendre, chaque fois que la n\u00e9cessit\u00e9 s\u2019y pr\u00eate. Au point que l\u2019on ne s\u2019y [&hellip;]<\/p>\n","protected":false},"author":1760,"featured_media":0,"comment_status":"closed","ping_status":"closed","sticky":false,"template":"","format":"standard","meta":{"fifu_image_url":"","fifu_image_alt":"","footnotes":""},"categories":[73,54],"tags":[],"class_list":["post-91727","post","type-post","status-publish","format-standard","hentry","category-actualite","category-maroc"],"_links":{"self":[{"href":"https:\/\/linitiative.ca\/International\/wp-json\/wp\/v2\/posts\/91727","targetHints":{"allow":["GET"]}}],"collection":[{"href":"https:\/\/linitiative.ca\/International\/wp-json\/wp\/v2\/posts"}],"about":[{"href":"https:\/\/linitiative.ca\/International\/wp-json\/wp\/v2\/types\/post"}],"author":[{"embeddable":true,"href":"https:\/\/linitiative.ca\/International\/wp-json\/wp\/v2\/users\/1760"}],"replies":[{"embeddable":true,"href":"https:\/\/linitiative.ca\/International\/wp-json\/wp\/v2\/comments?post=91727"}],"version-history":[{"count":0,"href":"https:\/\/linitiative.ca\/International\/wp-json\/wp\/v2\/posts\/91727\/revisions"}],"wp:attachment":[{"href":"https:\/\/linitiative.ca\/International\/wp-json\/wp\/v2\/media?parent=91727"}],"wp:term":[{"taxonomy":"category","embeddable":true,"href":"https:\/\/linitiative.ca\/International\/wp-json\/wp\/v2\/categories?post=91727"},{"taxonomy":"post_tag","embeddable":true,"href":"https:\/\/linitiative.ca\/International\/wp-json\/wp\/v2\/tags?post=91727"}],"curies":[{"name":"wp","href":"https:\/\/api.w.org\/{rel}","templated":true}]}}