{"id":91728,"date":"2020-07-09T11:20:30","date_gmt":"2020-07-09T15:20:30","guid":{"rendered":"https:\/\/linitiative.ca\/International\/une-resolution-du-parlement-europeen-pour-denoncer-le-detournement-de-laide-humanitaire-par-lalgerie-et-le-polisario\/"},"modified":"2020-07-09T11:20:30","modified_gmt":"2020-07-09T15:20:30","slug":"une-resolution-du-parlement-europeen-pour-denoncer-le-detournement-de-laide-humanitaire-par-lalgerie-et-le-polisario","status":"publish","type":"post","link":"https:\/\/linitiative.ca\/International\/une-resolution-du-parlement-europeen-pour-denoncer-le-detournement-de-laide-humanitaire-par-lalgerie-et-le-polisario\/","title":{"rendered":"Une r\u00e9solution du Parlement europ\u00e9en pour d\u00e9noncer le d\u00e9tournement de l\u2019aide humanitaire par l\u2019Alg\u00e9rie et le polisario"},"content":{"rendered":"<p class=\"c2\"><strong>Sahara Marocain<\/strong><\/p>\n<p class=\"has-text-color c3\"><strong>Des d\u00e9put\u00e9s europ\u00e9ens viennent de d\u00e9clencher le m\u00e9canisme de saisine officielle du Parlement europ\u00e9en au sujet du d\u00e9tournement de l\u2019aide humanitaire destin\u00e9e aux populations s\u00e9questr\u00e9es \u00e0 Tindouf.<\/strong><\/p>\n<p>Un projet de r\u00e9solution a \u00e9t\u00e9 d\u00e9pos\u00e9, ce jeudi, d\u00e9non\u00e7ant la poursuite de cette fraude et appelant \u00e0 un audit de l\u2019aide europ\u00e9enne d\u00e9tourn\u00e9e par le polisario et l\u2019Alg\u00e9rie.<\/p>\n<p>Il rappelle qu\u2019un rapport de l\u2019Office europ\u00e9en de lutte antifraude (OLAF) rendu public en 2015 \u00ab\u00a0constatait des d\u00e9tournements de l\u2019aide humanitaire octroy\u00e9e par l\u2019Union europ\u00e9enne au polisario, notamment pour les besoins d\u2019achat d\u2019armements, ladite aide s\u2019\u00e9levant \u00e0 105 millions d\u2019euros entre 1994 et 2004\u00a0\u00bb.<\/p>\n<p>La r\u00e9solution du Parlement europ\u00e9en rel\u00e8ve \u00e9galement que \u00abl\u2019Alg\u00e9rie aurait pr\u00e9lev\u00e9 une taxe de 5 % sur cette aide et aurait refus\u00e9 des demandes de recensement des r\u00e9fugi\u00e9s formul\u00e9es par le Haut-Commissariat des Nations unies pour les r\u00e9fugi\u00e9s en 1977, 2003, 2005 et 2015\u00bb.<\/p>\n<p>Elle r\u00e9clame de ce fait \u00e0 l\u2019Union europ\u00e9enne \u00abd\u2019\u0153uvrer conjointement avec l\u2019Organisation des Nations unies pour superviser un recensement des r\u00e9fugi\u00e9s des camps de Tindouf en collaboration avec les autorit\u00e9s comp\u00e9tentes en Alg\u00e9rie\u00bb.<\/p>\n<p>La r\u00e9solution demande \u00e9galement \u00e0 l\u2019UE d\u2019auditer l\u2019utilisation de l\u2019aide humanitaire europ\u00e9enne par le polisario depuis 2015.<\/p>\n<p>Le d\u00e9tournement de l\u2019aide humanitaire destin\u00e9e aux populations s\u00e9questr\u00e9es \u00e0 Tindouf est revenu au devant de la sc\u00e8ne ces derniers jours apr\u00e8s la r\u00e9v\u00e9lation par plusieurs m\u00e9dias et d\u00e9put\u00e9s europ\u00e9ens de la poursuite de cette fraude malgr\u00e9 le contexte de la pand\u00e9mie de la Covid-19.<\/p>\n<p>L\u2019affaire a \u00e9t\u00e9 port\u00e9e, jeudi dernier, devant la Commission du D\u00e9veloppement (DEVE) du Parlement europ\u00e9en lors d\u2019une audition du Commissaire europ\u00e9en charg\u00e9 de la Gestion des Crises Janez Lenarcic.<\/p>\n<p>Des enqu\u00eates ind\u00e9pendantes et des t\u00e9moignages accablants sont venus corroborer les inqui\u00e9tudes des d\u00e9put\u00e9s europ\u00e9ens quant \u00e0 la poursuite de cette fraude malgr\u00e9 les mesures prises par la Commission europ\u00e9enne.<\/p>\n<p>Auteur: M&rsquo;hammed rahal<br \/>\n<a href=\"http:\/\/albayane.press.ma\/une-resolution-du-parlement-europeen-pour-denoncer-le-detournement-de-laide-humanitaire-par-lalgerie-et-le-polisario.html\">Cliquez ici pour lire l&rsquo;article depuis sa source.<\/a><\/p>\n","protected":false},"excerpt":{"rendered":"<p>Sahara Marocain Des d\u00e9put\u00e9s europ\u00e9ens viennent de d\u00e9clencher le m\u00e9canisme de saisine officielle du Parlement europ\u00e9en au sujet du d\u00e9tournement de l\u2019aide humanitaire destin\u00e9e aux populations s\u00e9questr\u00e9es \u00e0 Tindouf. Un projet de r\u00e9solution a \u00e9t\u00e9 d\u00e9pos\u00e9, ce jeudi, d\u00e9non\u00e7ant la poursuite de cette fraude et appelant \u00e0 un audit de l\u2019aide europ\u00e9enne d\u00e9tourn\u00e9e par le [&hellip;]<\/p>\n","protected":false},"author":1760,"featured_media":0,"comment_status":"closed","ping_status":"closed","sticky":false,"template":"","format":"standard","meta":{"fifu_image_url":"","fifu_image_alt":"","footnotes":""},"categories":[73,54],"tags":[],"class_list":["post-91728","post","type-post","status-publish","format-standard","hentry","category-actualite","category-maroc"],"_links":{"self":[{"href":"https:\/\/linitiative.ca\/International\/wp-json\/wp\/v2\/posts\/91728","targetHints":{"allow":["GET"]}}],"collection":[{"href":"https:\/\/linitiative.ca\/International\/wp-json\/wp\/v2\/posts"}],"about":[{"href":"https:\/\/linitiative.ca\/International\/wp-json\/wp\/v2\/types\/post"}],"author":[{"embeddable":true,"href":"https:\/\/linitiative.ca\/International\/wp-json\/wp\/v2\/users\/1760"}],"replies":[{"embeddable":true,"href":"https:\/\/linitiative.ca\/International\/wp-json\/wp\/v2\/comments?post=91728"}],"version-history":[{"count":0,"href":"https:\/\/linitiative.ca\/International\/wp-json\/wp\/v2\/posts\/91728\/revisions"}],"wp:attachment":[{"href":"https:\/\/linitiative.ca\/International\/wp-json\/wp\/v2\/media?parent=91728"}],"wp:term":[{"taxonomy":"category","embeddable":true,"href":"https:\/\/linitiative.ca\/International\/wp-json\/wp\/v2\/categories?post=91728"},{"taxonomy":"post_tag","embeddable":true,"href":"https:\/\/linitiative.ca\/International\/wp-json\/wp\/v2\/tags?post=91728"}],"curies":[{"name":"wp","href":"https:\/\/api.w.org\/{rel}","templated":true}]}}