{"id":91729,"date":"2020-07-09T11:24:15","date_gmt":"2020-07-09T15:24:15","guid":{"rendered":"https:\/\/linitiative.ca\/International\/benabdallah-renforcer-la-confiance-des-citoyens-lors-des-prochaines-elections\/"},"modified":"2020-07-09T11:24:15","modified_gmt":"2020-07-09T15:24:15","slug":"benabdallah-renforcer-la-confiance-des-citoyens-lors-des-prochaines-elections","status":"publish","type":"post","link":"https:\/\/linitiative.ca\/International\/benabdallah-renforcer-la-confiance-des-citoyens-lors-des-prochaines-elections\/","title":{"rendered":"Benabdallah: \u00abrenforcer la confiance des citoyens lors des prochaines \u00e9lections\u00bb"},"content":{"rendered":"<p class=\"has-text-color has-vivid-red-color c2\"><strong>R\u00e9union entre Laftit et les leaders de partis politiques repr\u00e9sent\u00e9s au Parlement<\/strong><\/p>\n<p class=\"has-text-color c3\"><strong>Des leaders de partis repr\u00e9sent\u00e9s au Parlement ont plaid\u00e9, mercredi \u00e0 Rabat, en faveur d\u2019une bonne pr\u00e9paration des prochaines \u00e9lections, tout en appelant \u00e0 renforcer la confiance des \u00e9lecteurs en ces \u00e9ch\u00e9ances.<\/strong><\/p>\n<p>Dans des d\u00e9clarations \u00e0 la presse \u00e0 l\u2019issue d\u2019une r\u00e9union avec le ministre de l\u2019Int\u00e9rieur, M. Abdelouafi Laftit, pr\u00e9vue dans le cadre d\u2019une s\u00e9rie de rencontres entre le minist\u00e8re de l\u2019Int\u00e9rieur et les leaders des partis politiques pour \u00e9changer sur les conceptions des prochaines \u00e9ch\u00e9ances \u00e9lectorales, les dirigeants de ces formations ont affirm\u00e9 que le renforcement de la confiance des \u00e9lecteurs garantira la r\u00e9ussite de ce scrutin et des taux de participation importants.<\/p>\n<p>Ainsi, le secr\u00e9taire g\u00e9n\u00e9ral du parti du Mouvement populaire (MP), Mohand Laenser, a indiqu\u00e9 que cette r\u00e9union a permis de lever l\u2019ambigu\u00eft\u00e9 sur la tenue des prochaines \u00e9ch\u00e9ances \u00e9lectorales, assurant que jusqu\u2019\u00e0 l\u2019heure, et en d\u00e9pit de la pand\u00e9mie de la Covid-19, les prochaines \u00e9lections ne seront pas report\u00e9es.<\/p>\n<p>La rencontre a \u00e9t\u00e9 aussi l\u2019occasion de d\u00e9finir une m\u00e9thodologie de travail pour ces \u00e9ch\u00e9ances, a-t-il ajout\u00e9, notant que les secr\u00e9taires g\u00e9n\u00e9raux et les pr\u00e9sidents de partis ont pr\u00e9sent\u00e9 des propositions relatives \u00e0 la m\u00e9thodologie d\u2019organisation de ce rendez-vous et sur les moyens de renforcer la confiance des \u00e9lecteurs.<\/p>\n<p>Dans ce sens, les partis politiques pr\u00e9senteront des m\u00e9morandums dans les dix prochains jours qui seront examin\u00e9s lors d\u2019une nouvelle r\u00e9union, a ajout\u00e9 M. Laenser.<\/p>\n<p>De son c\u00f4t\u00e9, le secr\u00e9taire g\u00e9n\u00e9ral du Parti du progr\u00e8s et du socialisme (PPS), Mohamed Nabil Benabdallah, a soutenu que cette \u00abbataille (la pr\u00e9paration des \u00e9lections) intervient dans des conditions exceptionnelles que nous devons tous r\u00e9ussir\u00bb, expliquant que l\u2019aboutissement de ce processus requiert un climat politique bas\u00e9 sur la confiance, la cr\u00e9dibilit\u00e9 et la r\u00e9conciliation entre le citoyen et la chose politique, avant d\u2019aborder les d\u00e9tails relatifs aux lois \u00e9lectorales et ce qui doit \u00eatre modifi\u00e9 \u00e0 ce niveau.<\/p>\n<p>Les partis politiques pr\u00e9senteront des m\u00e9morandums d\u00e9taillant l\u2019ensemble des proc\u00e9dures l\u00e9gales et politiques, en vue d\u2019aboutir \u00e0 un consensus sur le syst\u00e8me \u00e9lectoral, ainsi que le syst\u00e8me politique qui l\u2019encadre, a-t-il fait savoir.<\/p>\n<p>Pour sa part, la secr\u00e9taire g\u00e9n\u00e9rale du Parti socialiste unifi\u00e9 (PSU), Nabila Mounib, a relev\u00e9 que la r\u00e9union a \u00e9t\u00e9 l\u2019occasion de mettre en relief les circonstances exceptionnelles que traverse le Royaume, suite \u00e0 la crise sanitaire du Covid-19, et l\u2019importance de r\u00e9tablir la confiance pour la r\u00e9ussite des \u00e9ch\u00e9ances \u00e9lectorales en tant qu\u2019\u00e9tape essentielle de la consolidation de l\u2019\u00e9difice d\u00e9mocratique au Maroc.<\/p>\n<p>Plusieurs points ont \u00e9t\u00e9 examin\u00e9s dans le but de r\u00e9tablir la confiance de sorte \u00e0 encourager les Marocains \u00e0 une participation qualitative et agissante, a-t-elle soulign\u00e9, indiquant que de nombreuses propositions pratiques relatives \u00e0 la loi des partis politiques et l\u2019op\u00e9ration \u00e9lectorale ont \u00e9t\u00e9 pr\u00e9sent\u00e9e en vue d\u2019assurer la transparence et la cr\u00e9dibilit\u00e9 des \u00e9lections.<\/p>\n<p>Le secr\u00e9taire g\u00e9n\u00e9ral du Mouvement d\u00e9mocratique et social (MDS), Abdessamad Archane, a, quant \u00e0 lui, fait savoir que son parti a appel\u00e9 \u00e0 promouvoir les conditions socio-\u00e9conomiques des citoyens, notamment dans le contexte de la pand\u00e9mie du Covid-19, en vue de renforcer leur participation dans les prochaines \u00e9ch\u00e9ances \u00e9lectorales.<\/p>\n<p>Une participation importante \u00e0 ces \u00e9lections permettra de disposer d\u2019une carte politique aux contours biens d\u00e9finis et de renforcer le processus d\u00e9mocratique, a-t-il estim\u00e9, appelant les partis politiques \u00e0 s\u2019acquitter de leur r\u00f4le dans l\u2019encadrement et la sensibilisation des citoyens \u00e0 l\u2019importance de participer aux \u00e9lections.<\/p>\n<p>Quant au secr\u00e9taire g\u00e9n\u00e9ral du parti Al Amal, Mohamed Bani, il a relev\u00e9 que sa formation a propos\u00e9 durant la r\u00e9union de r\u00e9viser la liste nationale en vue de la r\u00e9partir sur 12 r\u00e9gions, pour qu\u2019elle puisse \u00eatre consult\u00e9e par l\u2019ensemble des partis.<\/p>\n<p>Le parti Al Amal a \u00e9galement demand\u00e9 d\u2019annuler le seuil \u00e9lectoral et de se baser uniquement sur les voix obtenues, a-t-il poursuivi, faisant part de sa volont\u00e9 de prendre part aux prochaines r\u00e9unions pour une pr\u00e9paration r\u00e9ussie des prochaines \u00e9lections.<\/p>\n<p>Cette r\u00e9union, qui a eu lieu au si\u00e8ge du minist\u00e8re \u00e0 Rabat en pr\u00e9sence notamment du ministre d\u00e9l\u00e9gu\u00e9 aupr\u00e8s du ministre de l\u2019Int\u00e9rieur, M. Noureddine Boutayeb, s\u2019inscrit dans le cadre de la m\u00e9thodologie de concertation fructueuse et de d\u00e9bat constructif adopt\u00e9 par le gouvernement pour \u00e9changer avec les acteurs politiques sur les grandes questions nationales, y compris la pr\u00e9paration des prochaines \u00e9ch\u00e9ances \u00e9lectorales pr\u00e9vues au Royaume en 2021, qui est une ann\u00e9e \u00e9lectorale par excellence laquelle conna\u00eetra le renouvellement de l\u2019ensemble des institutions repr\u00e9sentatives nationales locales et professionnelles, qu\u2019il s\u2019agisse de conseils communaux, de conseils provinciaux, de conseils r\u00e9gionaux, de chambres professionnelles, d\u2019\u00e9lections des repr\u00e9sentants des salari\u00e9s ou des deux chambres parlementaires.<\/p>\n<p>Auteur: M&rsquo;hammed rahal<br \/>\n<a href=\"http:\/\/albayane.press.ma\/benabdallah-renforcer-la-confiance-des-citoyens-lors-des-prochaines-elections.html\">Cliquez ici pour lire l&rsquo;article depuis sa source.<\/a><\/p>\n","protected":false},"excerpt":{"rendered":"<p>R\u00e9union entre Laftit et les leaders de partis politiques repr\u00e9sent\u00e9s au Parlement Des leaders de partis repr\u00e9sent\u00e9s au Parlement ont plaid\u00e9, mercredi \u00e0 Rabat, en faveur d\u2019une bonne pr\u00e9paration des prochaines \u00e9lections, tout en appelant \u00e0 renforcer la confiance des \u00e9lecteurs en ces \u00e9ch\u00e9ances. Dans des d\u00e9clarations \u00e0 la presse \u00e0 l\u2019issue d\u2019une r\u00e9union avec [&hellip;]<\/p>\n","protected":false},"author":1760,"featured_media":0,"comment_status":"closed","ping_status":"closed","sticky":false,"template":"","format":"standard","meta":{"fifu_image_url":"","fifu_image_alt":"","footnotes":""},"categories":[73,54],"tags":[],"class_list":["post-91729","post","type-post","status-publish","format-standard","hentry","category-actualite","category-maroc"],"_links":{"self":[{"href":"https:\/\/linitiative.ca\/International\/wp-json\/wp\/v2\/posts\/91729","targetHints":{"allow":["GET"]}}],"collection":[{"href":"https:\/\/linitiative.ca\/International\/wp-json\/wp\/v2\/posts"}],"about":[{"href":"https:\/\/linitiative.ca\/International\/wp-json\/wp\/v2\/types\/post"}],"author":[{"embeddable":true,"href":"https:\/\/linitiative.ca\/International\/wp-json\/wp\/v2\/users\/1760"}],"replies":[{"embeddable":true,"href":"https:\/\/linitiative.ca\/International\/wp-json\/wp\/v2\/comments?post=91729"}],"version-history":[{"count":0,"href":"https:\/\/linitiative.ca\/International\/wp-json\/wp\/v2\/posts\/91729\/revisions"}],"wp:attachment":[{"href":"https:\/\/linitiative.ca\/International\/wp-json\/wp\/v2\/media?parent=91729"}],"wp:term":[{"taxonomy":"category","embeddable":true,"href":"https:\/\/linitiative.ca\/International\/wp-json\/wp\/v2\/categories?post=91729"},{"taxonomy":"post_tag","embeddable":true,"href":"https:\/\/linitiative.ca\/International\/wp-json\/wp\/v2\/tags?post=91729"}],"curies":[{"name":"wp","href":"https:\/\/api.w.org\/{rel}","templated":true}]}}