{"id":91732,"date":"2020-07-09T09:02:20","date_gmt":"2020-07-09T13:02:20","guid":{"rendered":"https:\/\/linitiative.ca\/International\/blocage-du-processus-politique-en-libye-la-tunisie-incite-a-surmonter-la-crise\/"},"modified":"2020-07-09T09:02:20","modified_gmt":"2020-07-09T13:02:20","slug":"blocage-du-processus-politique-en-libye-la-tunisie-incite-a-surmonter-la-crise","status":"publish","type":"post","link":"https:\/\/linitiative.ca\/International\/blocage-du-processus-politique-en-libye-la-tunisie-incite-a-surmonter-la-crise\/","title":{"rendered":"Blocage du processus politique en Libye : La Tunisie incite \u00e0 surmonter la crise"},"content":{"rendered":"<p>Le ministre des Affaires \u00e9trang\u00e8res Noureddine Erray a indiqu\u00e9 que la poursuite de la situation d\u2019instabilit\u00e9 et le blocage du processus politique en Libye, repr\u00e9sentent une menace directe \u00e0 la paix et \u00e0 la s\u00e9curit\u00e9 dans la r\u00e9gion et \u00e0 l\u2019\u00e9chelle mondiale.<\/p>\n<p>Intervenant, mercredi, par visioconf\u00e9rence \u00e0 une r\u00e9union minist\u00e9rielle du Conseil de s\u00e9curit\u00e9 des Nations-Unies (ONU), Erray a rappel\u00e9 la position constante de la Tunisie concernant le dossier Libyen et qui encourage une solution politique intra-libyenne dans le cadre de l\u2019attachement \u00e0 la l\u00e9galit\u00e9 internationale, lit-on dans un communiqu\u00e9 du minist\u00e8re des affaires \u00e9trang\u00e8res.<\/p>\n<p>Dans son intervention, il a salu\u00e9 l\u2019initiative de tenir cette r\u00e9union qui va envoyer un message rassurant au peuple libyen quant \u00e0 l\u2019engagement du Conseil et de la communaut\u00e9 internationale pour encourager toutes les parties \u00e0 surmonter la crise.<\/p>\n<p>Le ministre des Affaires \u00e9trang\u00e8res a annonc\u00e9 que la Tunisie a rejoint le groupe d\u2019actions humanitaires issu de la conf\u00e9rence de Berlin (19 janvier 2020), appelant \u00e0 la n\u00e9cessit\u00e9 de respecter le droit international humanitaire (DIH) et le droit international des droits de l\u2019homme (DIDH) en Libye. Il a rappel\u00e9, dans ce cadre, l\u2019initiative lanc\u00e9e par le pr\u00e9sident de la R\u00e9publique Ka\u00efs Sa\u00efed qui invite les diff\u00e9rents acteurs \u00e0 une tr\u00eave humanitaire et l\u2019\u00e9laboration de nouvelles visions, saluant l\u2019adoption \u00e0 l\u2019unanimit\u00e9 de la r\u00e9solution 2532 (2020) du Conseil de s\u00e9curit\u00e9, propos\u00e9e par la Tunisie et la France, et qui pr\u00e9voit un cessez-le-feu mondial pendant au moins 90 jours cons\u00e9cutifs pour lutter contre la Covid 19.<\/p>\n<div class=\"wp-post-author-wrap wp-post-author-shortcode left\">\n<h3 class=\"awpa-title\"\/>\n<div class=\"wp-post-author\">\n<div class=\"awpa-img awpa-author-block square\"><a href=\"http:\/\/lexpertjournal.net\/fr\/?author=5\"><img loading=\"lazy\" decoding=\"async\" alt=\"\" src=\"http:\/\/0.gravatar.com\/avatar\/97f8e10a1c1125ba104a76514ee07b16?s=150&amp;d=mm&amp;r=g\" srcset=\"http:\/\/0.gravatar.com\/avatar\/97f8e10a1c1125ba104a76514ee07b16?s=300&amp;d=mm&amp;r=g 2x\" class=\"avatar avatar-150 photo\" height=\"150\" width=\"150\"\/><\/a><\/div>\n<\/div>\n<\/div>\n<aside class=\"mashsb-container mashsb-main mashsb-stretched\">\n<\/aside>\n<p>Auteur: L&rsquo;expert<br \/>\n<a href=\"http:\/\/lexpertjournal.net\/fr\/?p=15665\">Cliquez ici pour lire l&rsquo;article depuis sa source.<\/a><\/p>\n","protected":false},"excerpt":{"rendered":"<p>Le ministre des Affaires \u00e9trang\u00e8res Noureddine Erray a indiqu\u00e9 que la poursuite de la situation d\u2019instabilit\u00e9 et le blocage du processus politique en Libye, repr\u00e9sentent une menace directe \u00e0 la paix et \u00e0 la s\u00e9curit\u00e9 dans la r\u00e9gion et \u00e0 l\u2019\u00e9chelle mondiale. Intervenant, mercredi, par visioconf\u00e9rence \u00e0 une r\u00e9union minist\u00e9rielle du Conseil de s\u00e9curit\u00e9 des [&hellip;]<\/p>\n","protected":false},"author":1775,"featured_media":0,"comment_status":"closed","ping_status":"closed","sticky":false,"template":"","format":"standard","meta":{"fifu_image_url":"","fifu_image_alt":"","footnotes":""},"categories":[78,55],"tags":[],"class_list":["post-91732","post","type-post","status-publish","format-standard","hentry","category-economie","category-tunisie"],"_links":{"self":[{"href":"https:\/\/linitiative.ca\/International\/wp-json\/wp\/v2\/posts\/91732","targetHints":{"allow":["GET"]}}],"collection":[{"href":"https:\/\/linitiative.ca\/International\/wp-json\/wp\/v2\/posts"}],"about":[{"href":"https:\/\/linitiative.ca\/International\/wp-json\/wp\/v2\/types\/post"}],"author":[{"embeddable":true,"href":"https:\/\/linitiative.ca\/International\/wp-json\/wp\/v2\/users\/1775"}],"replies":[{"embeddable":true,"href":"https:\/\/linitiative.ca\/International\/wp-json\/wp\/v2\/comments?post=91732"}],"version-history":[{"count":0,"href":"https:\/\/linitiative.ca\/International\/wp-json\/wp\/v2\/posts\/91732\/revisions"}],"wp:attachment":[{"href":"https:\/\/linitiative.ca\/International\/wp-json\/wp\/v2\/media?parent=91732"}],"wp:term":[{"taxonomy":"category","embeddable":true,"href":"https:\/\/linitiative.ca\/International\/wp-json\/wp\/v2\/categories?post=91732"},{"taxonomy":"post_tag","embeddable":true,"href":"https:\/\/linitiative.ca\/International\/wp-json\/wp\/v2\/tags?post=91732"}],"curies":[{"name":"wp","href":"https:\/\/api.w.org\/{rel}","templated":true}]}}