{"id":91733,"date":"2020-07-09T09:04:06","date_gmt":"2020-07-09T13:04:06","guid":{"rendered":"https:\/\/linitiative.ca\/International\/plan-de-sauvetage-economique-fakhfakh-se-reunit-avec-les-principaux-partenaires-internationaux\/"},"modified":"2020-07-09T09:04:06","modified_gmt":"2020-07-09T13:04:06","slug":"plan-de-sauvetage-economique-fakhfakh-se-reunit-avec-les-principaux-partenaires-internationaux","status":"publish","type":"post","link":"https:\/\/linitiative.ca\/International\/plan-de-sauvetage-economique-fakhfakh-se-reunit-avec-les-principaux-partenaires-internationaux\/","title":{"rendered":"Plan de sauvetage \u00e9conomique : Fakhfakh se r\u00e9unit avec les principaux partenaires internationaux"},"content":{"rendered":"<p>Les grandes lignes du plan de sauvetage \u00e9conomique et les principales r\u00e9formes sur lesquelles le gouvernement s\u2019est engag\u00e9 pour faire face aux d\u00e9fis pos\u00e9s par la pand\u00e9mie de Covid-19, ont \u00e9t\u00e9 au centre d\u2019une r\u00e9union de haut niveau entre le chef du gouvernement Ely\u00e8s Fakhfakh et les repr\u00e9sentants des principaux partenaires \u00e9conomiques internationaux de la Tunisie.<\/p>\n<p>Cette r\u00e9union, tenue mercredi, en pr\u00e9sentielle et en visioconf\u00e9rence au palais du gouvernement \u00e0 la Kasbah, a \u00e9t\u00e9 consacr\u00e9e \u00e0 l\u2019\u00e9tude et au suivi de l\u2019\u00e9volution de la coop\u00e9ration financi\u00e8re et \u00e9conomique entre la Tunisie et ses diff\u00e9rents partenaires et qui s\u2019est renforc\u00e9e face aux besoins de financement suppl\u00e9mentaires lors de la crise sanitaire caus\u00e9e par le nouveau coronavirus, a-t-on appris d\u2019un communiqu\u00e9 de la pr\u00e9sidence du gouvernement.<\/p>\n<p>Fakhfakh a indiqu\u00e9, \u00e0 cette occasion, que le plan de sauvetage repose sur quatre principaux axes dont notamment la relance des projets bloqu\u00e9s pour booster l\u2019\u00e9conomie nationale, l\u2019appui aux entreprises sinistr\u00e9es par la crise Covid-19, le soutien social aux cat\u00e9gories vuln\u00e9rables ainsi que l\u2019am\u00e9lioration de la gouvernance publique et la lutte contre la corruption.<\/p>\n<p>Au sujet des grandes r\u00e9formes, il a fait savoir qu\u2019elles portent notamment sur la modification du plan quinquennal de d\u00e9veloppement vers le renforcement du r\u00f4le de l\u2019Etat dans la cons\u00e9cration de l\u2019\u00e9galit\u00e9 des chances dans divers domaines.<\/p>\n<p>Concernant les mesures \u00e0 entreprendre pour att\u00e9nuer les r\u00e9percussions de la Covid-19, Fakhfakh a soulign\u00e9 que les mesures urgentes ne toucheront pas le budget allou\u00e9 \u00e0 l\u2019investissement, insistant sur l\u2019importance d\u2019\u0153uvrer pour r\u00e9duire la dette ext\u00e9rieure.<\/p>\n<p>Les diff\u00e9rents partenaires internationaux ont, pour leur part, r\u00e9affirm\u00e9 leur engagement \u00e0 soutenir la Tunisie et exprim\u00e9 leur volont\u00e9 de contribuer \u00e0 la mise en \u0153uvre des r\u00e9formes et projets socio-\u00e9conomiques programm\u00e9s.<\/p>\n<p>Ont assist\u00e9 \u00e0 cette r\u00e9union, en plus des membres du gouvernement, le Commissaire Europ\u00e9en \u00e0 l\u2019Elargissement et \u00e0 la Politique de voisinage Oliver Varhelyi, l\u2019Ambassadeur de l\u2019Union Europ\u00e9enne \u00e0 Tunis Patrice Bergamini, ainsi que des repr\u00e9sentants des principales institutions financi\u00e8res internationales dont la Banque Mondiale (BM), le Fonds Mon\u00e9taire International (FMI), l\u2019Agence Fran\u00e7aise de D\u00e9veloppement (AFD), la Banque Africaine de D\u00e9veloppement (BAD) et la Banque Europ\u00e9enne pour la Reconstruction et le D\u00e9veloppement (BERD).<\/p>\n<div class=\"wp-post-author-wrap wp-post-author-shortcode left\">\n<h3 class=\"awpa-title\"\/>\n<div class=\"wp-post-author\">\n<div class=\"awpa-img awpa-author-block square\"><a href=\"http:\/\/lexpertjournal.net\/fr\/?author=5\"><img loading=\"lazy\" decoding=\"async\" alt=\"\" src=\"http:\/\/0.gravatar.com\/avatar\/97f8e10a1c1125ba104a76514ee07b16?s=150&amp;d=mm&amp;r=g\" srcset=\"http:\/\/0.gravatar.com\/avatar\/97f8e10a1c1125ba104a76514ee07b16?s=300&amp;d=mm&amp;r=g 2x\" class=\"avatar avatar-150 photo\" height=\"150\" width=\"150\"\/><\/a><\/div>\n<\/div>\n<\/div>\n<aside class=\"mashsb-container mashsb-main mashsb-stretched\">\n<\/aside>\n<p>Auteur: L&rsquo;expert<br \/>\n<a href=\"http:\/\/lexpertjournal.net\/fr\/?p=15668\">Cliquez ici pour lire l&rsquo;article depuis sa source.<\/a><\/p>\n","protected":false},"excerpt":{"rendered":"<p>Les grandes lignes du plan de sauvetage \u00e9conomique et les principales r\u00e9formes sur lesquelles le gouvernement s\u2019est engag\u00e9 pour faire face aux d\u00e9fis pos\u00e9s par la pand\u00e9mie de Covid-19, ont \u00e9t\u00e9 au centre d\u2019une r\u00e9union de haut niveau entre le chef du gouvernement Ely\u00e8s Fakhfakh et les repr\u00e9sentants des principaux partenaires \u00e9conomiques internationaux de la [&hellip;]<\/p>\n","protected":false},"author":1775,"featured_media":0,"comment_status":"closed","ping_status":"closed","sticky":false,"template":"","format":"standard","meta":{"fifu_image_url":"","fifu_image_alt":"","footnotes":""},"categories":[78,55],"tags":[],"class_list":["post-91733","post","type-post","status-publish","format-standard","hentry","category-economie","category-tunisie"],"_links":{"self":[{"href":"https:\/\/linitiative.ca\/International\/wp-json\/wp\/v2\/posts\/91733","targetHints":{"allow":["GET"]}}],"collection":[{"href":"https:\/\/linitiative.ca\/International\/wp-json\/wp\/v2\/posts"}],"about":[{"href":"https:\/\/linitiative.ca\/International\/wp-json\/wp\/v2\/types\/post"}],"author":[{"embeddable":true,"href":"https:\/\/linitiative.ca\/International\/wp-json\/wp\/v2\/users\/1775"}],"replies":[{"embeddable":true,"href":"https:\/\/linitiative.ca\/International\/wp-json\/wp\/v2\/comments?post=91733"}],"version-history":[{"count":0,"href":"https:\/\/linitiative.ca\/International\/wp-json\/wp\/v2\/posts\/91733\/revisions"}],"wp:attachment":[{"href":"https:\/\/linitiative.ca\/International\/wp-json\/wp\/v2\/media?parent=91733"}],"wp:term":[{"taxonomy":"category","embeddable":true,"href":"https:\/\/linitiative.ca\/International\/wp-json\/wp\/v2\/categories?post=91733"},{"taxonomy":"post_tag","embeddable":true,"href":"https:\/\/linitiative.ca\/International\/wp-json\/wp\/v2\/tags?post=91733"}],"curies":[{"name":"wp","href":"https:\/\/api.w.org\/{rel}","templated":true}]}}