{"id":91734,"date":"2020-07-09T09:06:25","date_gmt":"2020-07-09T13:06:25","guid":{"rendered":"https:\/\/linitiative.ca\/International\/gouvernance-des-entreprises-publiques-echec-de-la-reunion-gouvernement-ugtt\/"},"modified":"2020-07-09T09:06:25","modified_gmt":"2020-07-09T13:06:25","slug":"gouvernance-des-entreprises-publiques-echec-de-la-reunion-gouvernement-ugtt","status":"publish","type":"post","link":"https:\/\/linitiative.ca\/International\/gouvernance-des-entreprises-publiques-echec-de-la-reunion-gouvernement-ugtt\/","title":{"rendered":"Gouvernance des entreprises publiques : Echec de la r\u00e9union Gouvernement-UGTT"},"content":{"rendered":"<p>La r\u00e9union de n\u00e9gociations, tenue mercredi, entre une d\u00e9l\u00e9gation du gouvernement et des repr\u00e9sentants de l\u2019Union g\u00e9n\u00e9rale tunisienne du travail (UGTT), autour du projet de loi, d\u00e9pos\u00e9 aupr\u00e8s de l\u2019Assembl\u00e9e des Repr\u00e9sentants du Peuple (ARP), sur la gouvernance des contributions, des institutions et des entreprises publiques, s\u2019est sold\u00e9e par un \u00e9chec.<\/p>\n<p>La d\u00e9l\u00e9gation syndicale a exprim\u00e9, lors de cette r\u00e9union, son opposition \u00e0 la version actuelle du projet de loi pr\u00e9sent\u00e9 par le gouvernement et qui l\u00e9gif\u00e8re pour une cession totale ou partielle des entreprises publiques, lit-on dans un communiqu\u00e9 publi\u00e9 sur la page officielle de l\u2019UGTT.<\/p>\n<p>Les membres de la d\u00e9l\u00e9gation syndicale consid\u00e8rent que cette version du projet repr\u00e9sente un revirement sur les accords pr\u00e9c\u00e9dents, notamment l\u2019accord du 22 octobre 2018, et ne rime pas avec les d\u00e9clarations du Chef du gouvernement et du ministre d\u2019Etat charg\u00e9 de la fonction publique, de la gouvernance et de la lutte contre la corruption, ajoute le m\u00eame communiqu\u00e9.<\/p>\n<p>Selon la m\u00eame source, les syndicalistes Slaheddine Sallami, Samir Cheffi, Hfa\u00efedh Hfa\u00efedh et Abdelkrim Jrad ont \u00e9t\u00e9 pr\u00e9sents \u00e0 cette r\u00e9union pr\u00e9sid\u00e9e par le directeur de cabinet du chef du gouvernement en remplacement du ministre charg\u00e9 de la gouvernance et de la fonction publique qui n\u2019a pas pu y assister.<\/p>\n<div class=\"wp-post-author-wrap wp-post-author-shortcode left\">\n<h3 class=\"awpa-title\"\/>\n<div class=\"wp-post-author\">\n<div class=\"awpa-img awpa-author-block square\"><a href=\"http:\/\/lexpertjournal.net\/fr\/?author=5\"><img loading=\"lazy\" decoding=\"async\" alt=\"\" src=\"http:\/\/0.gravatar.com\/avatar\/97f8e10a1c1125ba104a76514ee07b16?s=150&amp;d=mm&amp;r=g\" srcset=\"http:\/\/0.gravatar.com\/avatar\/97f8e10a1c1125ba104a76514ee07b16?s=300&amp;d=mm&amp;r=g 2x\" class=\"avatar avatar-150 photo\" height=\"150\" width=\"150\"\/><\/a><\/div>\n<\/div>\n<\/div>\n<aside class=\"mashsb-container mashsb-main mashsb-stretched\">\n<\/aside>\n<p>Auteur: L&rsquo;expert<br \/>\n<a href=\"http:\/\/lexpertjournal.net\/fr\/?p=15671\">Cliquez ici pour lire l&rsquo;article depuis sa source.<\/a><\/p>\n","protected":false},"excerpt":{"rendered":"<p>La r\u00e9union de n\u00e9gociations, tenue mercredi, entre une d\u00e9l\u00e9gation du gouvernement et des repr\u00e9sentants de l\u2019Union g\u00e9n\u00e9rale tunisienne du travail (UGTT), autour du projet de loi, d\u00e9pos\u00e9 aupr\u00e8s de l\u2019Assembl\u00e9e des Repr\u00e9sentants du Peuple (ARP), sur la gouvernance des contributions, des institutions et des entreprises publiques, s\u2019est sold\u00e9e par un \u00e9chec. La d\u00e9l\u00e9gation syndicale a [&hellip;]<\/p>\n","protected":false},"author":1775,"featured_media":0,"comment_status":"closed","ping_status":"closed","sticky":false,"template":"","format":"standard","meta":{"fifu_image_url":"","fifu_image_alt":"","footnotes":""},"categories":[78,55],"tags":[],"class_list":["post-91734","post","type-post","status-publish","format-standard","hentry","category-economie","category-tunisie"],"_links":{"self":[{"href":"https:\/\/linitiative.ca\/International\/wp-json\/wp\/v2\/posts\/91734","targetHints":{"allow":["GET"]}}],"collection":[{"href":"https:\/\/linitiative.ca\/International\/wp-json\/wp\/v2\/posts"}],"about":[{"href":"https:\/\/linitiative.ca\/International\/wp-json\/wp\/v2\/types\/post"}],"author":[{"embeddable":true,"href":"https:\/\/linitiative.ca\/International\/wp-json\/wp\/v2\/users\/1775"}],"replies":[{"embeddable":true,"href":"https:\/\/linitiative.ca\/International\/wp-json\/wp\/v2\/comments?post=91734"}],"version-history":[{"count":0,"href":"https:\/\/linitiative.ca\/International\/wp-json\/wp\/v2\/posts\/91734\/revisions"}],"wp:attachment":[{"href":"https:\/\/linitiative.ca\/International\/wp-json\/wp\/v2\/media?parent=91734"}],"wp:term":[{"taxonomy":"category","embeddable":true,"href":"https:\/\/linitiative.ca\/International\/wp-json\/wp\/v2\/categories?post=91734"},{"taxonomy":"post_tag","embeddable":true,"href":"https:\/\/linitiative.ca\/International\/wp-json\/wp\/v2\/tags?post=91734"}],"curies":[{"name":"wp","href":"https:\/\/api.w.org\/{rel}","templated":true}]}}