{"id":91735,"date":"2020-07-09T09:08:14","date_gmt":"2020-07-09T13:08:14","guid":{"rendered":"https:\/\/linitiative.ca\/International\/services-de-sante-en-regression-gafsa-reclame-une-faculte-de-medecine-et-dun-chu\/"},"modified":"2020-07-09T09:08:14","modified_gmt":"2020-07-09T13:08:14","slug":"services-de-sante-en-regression-gafsa-reclame-une-faculte-de-medecine-et-dun-chu","status":"publish","type":"post","link":"https:\/\/linitiative.ca\/International\/services-de-sante-en-regression-gafsa-reclame-une-faculte-de-medecine-et-dun-chu\/","title":{"rendered":"Services de sant\u00e9 en r\u00e9gression : Gafsa r\u00e9clame une facult\u00e9 de m\u00e9decine et d\u2019un CHU"},"content":{"rendered":"<p>Plusieurs habitants et repr\u00e9sentants de la soci\u00e9t\u00e9 civile au gouvernorat de Gafsa ont observ\u00e9, mercredi, un sit-in pour r\u00e9clamer la cr\u00e9ation d\u2019une facult\u00e9 de m\u00e9decine et d\u2019un centre hospitalo-universitaire dans la r\u00e9gion.<\/p>\n<p>Les manifestants ont parcouru les art\u00e8res principales de la ville de Gafsa avant de se diriger au si\u00e8ge du gouvernorat, scandant des slogans qui d\u00e9noncent la d\u00e9t\u00e9rioration du syst\u00e8me de sant\u00e9 dans la r\u00e9gion.<\/p>\n<p>Le porte-parole de la coordination de la campagne lanc\u00e9e pour l\u2019am\u00e9nagement de la facult\u00e9 de m\u00e9decine et de l\u2019h\u00f4pital universitaire de Gafsa, Abdelhak Mansouri a indiqu\u00e9 que ce mouvement de protestation a pour objectif de faire la lumi\u00e8re sur la r\u00e9gression de la qualit\u00e9 des services de sant\u00e9 \u00e0 Gafsa et d\u2019appeler les autorit\u00e9s concern\u00e9es \u00e0 r\u00e9aliser ces deux projets.<\/p>\n<p>Les mouvements de protestation se poursuivront durant les prochains jours dans d\u2019autres villes du gouvernorat afin de faire pression sur les autorit\u00e9s, a soulign\u00e9 la m\u00eame source, rappelant qu\u2019une marche similaire avait \u00e9t\u00e9 organis\u00e9e le 20 juin dernier<\/p>\n<div class=\"wp-post-author-wrap wp-post-author-shortcode left\">\n<h3 class=\"awpa-title\"\/>\n<div class=\"wp-post-author\">\n<div class=\"awpa-img awpa-author-block square\"><a href=\"http:\/\/lexpertjournal.net\/fr\/?author=5\"><img loading=\"lazy\" decoding=\"async\" alt=\"\" src=\"http:\/\/0.gravatar.com\/avatar\/97f8e10a1c1125ba104a76514ee07b16?s=150&amp;d=mm&amp;r=g\" srcset=\"http:\/\/0.gravatar.com\/avatar\/97f8e10a1c1125ba104a76514ee07b16?s=300&amp;d=mm&amp;r=g 2x\" class=\"avatar avatar-150 photo\" height=\"150\" width=\"150\"\/><\/a><\/div>\n<\/div>\n<\/div>\n<aside class=\"mashsb-container mashsb-main mashsb-stretched\">\n<\/aside>\n<p>Auteur: L&rsquo;expert<br \/>\n<a href=\"http:\/\/lexpertjournal.net\/fr\/?p=15674\">Cliquez ici pour lire l&rsquo;article depuis sa source.<\/a><\/p>\n","protected":false},"excerpt":{"rendered":"<p>Plusieurs habitants et repr\u00e9sentants de la soci\u00e9t\u00e9 civile au gouvernorat de Gafsa ont observ\u00e9, mercredi, un sit-in pour r\u00e9clamer la cr\u00e9ation d\u2019une facult\u00e9 de m\u00e9decine et d\u2019un centre hospitalo-universitaire dans la r\u00e9gion. Les manifestants ont parcouru les art\u00e8res principales de la ville de Gafsa avant de se diriger au si\u00e8ge du gouvernorat, scandant des slogans [&hellip;]<\/p>\n","protected":false},"author":1775,"featured_media":0,"comment_status":"closed","ping_status":"closed","sticky":false,"template":"","format":"standard","meta":{"fifu_image_url":"","fifu_image_alt":"","footnotes":""},"categories":[78,55],"tags":[],"class_list":["post-91735","post","type-post","status-publish","format-standard","hentry","category-economie","category-tunisie"],"_links":{"self":[{"href":"https:\/\/linitiative.ca\/International\/wp-json\/wp\/v2\/posts\/91735","targetHints":{"allow":["GET"]}}],"collection":[{"href":"https:\/\/linitiative.ca\/International\/wp-json\/wp\/v2\/posts"}],"about":[{"href":"https:\/\/linitiative.ca\/International\/wp-json\/wp\/v2\/types\/post"}],"author":[{"embeddable":true,"href":"https:\/\/linitiative.ca\/International\/wp-json\/wp\/v2\/users\/1775"}],"replies":[{"embeddable":true,"href":"https:\/\/linitiative.ca\/International\/wp-json\/wp\/v2\/comments?post=91735"}],"version-history":[{"count":0,"href":"https:\/\/linitiative.ca\/International\/wp-json\/wp\/v2\/posts\/91735\/revisions"}],"wp:attachment":[{"href":"https:\/\/linitiative.ca\/International\/wp-json\/wp\/v2\/media?parent=91735"}],"wp:term":[{"taxonomy":"category","embeddable":true,"href":"https:\/\/linitiative.ca\/International\/wp-json\/wp\/v2\/categories?post=91735"},{"taxonomy":"post_tag","embeddable":true,"href":"https:\/\/linitiative.ca\/International\/wp-json\/wp\/v2\/tags?post=91735"}],"curies":[{"name":"wp","href":"https:\/\/api.w.org\/{rel}","templated":true}]}}