{"id":91736,"date":"2020-07-09T09:10:50","date_gmt":"2020-07-09T13:10:50","guid":{"rendered":"https:\/\/linitiative.ca\/International\/en-raison-de-labondance-des-produits-locaux-nouvelle-strategie-de-rationalisation-de-limportation\/"},"modified":"2020-07-09T09:10:50","modified_gmt":"2020-07-09T13:10:50","slug":"en-raison-de-labondance-des-produits-locaux-nouvelle-strategie-de-rationalisation-de-limportation","status":"publish","type":"post","link":"https:\/\/linitiative.ca\/International\/en-raison-de-labondance-des-produits-locaux-nouvelle-strategie-de-rationalisation-de-limportation\/","title":{"rendered":"En raison de l\u2019abondance des produits locaux : Nouvelle strat\u00e9gie de rationalisation de l\u2019importation"},"content":{"rendered":"<p>Une nouvelle strat\u00e9gie nationale sera bient\u00f4t mise en \u0153uvre pour rationaliser l\u2019importation des marchandises et num\u00e9riser le contr\u00f4le des circuits de distribution, dans le but d\u2019am\u00e9liorer le pouvoir d\u2019achat du citoyen et maitriser la hausse des prix, compte-tenu de l\u2019abondance qui caract\u00e9rise actuellement la production agricole dans toutes les fili\u00e8res, \u00e0 l\u2019instar des viandes rouges, des viandes blanches, selon le ministre du Commerce Mohamed Msellini.<\/p>\n<p>Le responsable a fait savoir, en marge d\u2019une visite de travail effectu\u00e9e mercredi dans le gouvernorat de l\u2019Ariana, que l\u2019approvisionnement du march\u00e9 en produits de consommation se d\u00e9roule \u00e0 un rythme normal, sans enregistrer aucune p\u00e9nurie ou d\u00e9s\u00e9quilibres, \u00e0 l\u2019instar de ce qui s\u2019est pass\u00e9 au cours du mois de Ramadan et pendant le confinement.<\/p>\n<p>Il a, dans ce cadre, \u00e9voqu\u00e9 le bond qualitatif enregistr\u00e9 derni\u00e8rement au niveau de la maitrise de l\u2019inflation ramen\u00e9e \u00e0 5,8%, gr\u00e2ce \u00e0 l\u2019abondance de la production et le durcissement du contr\u00f4le, ainsi qu\u2019au d\u00e9veloppement des transactions et des services commerciaux gr\u00e2ce aux nouvelles technologies.<\/p>\n<p>De l\u2019autre c\u00f4t\u00e9, le ministre a consid\u00e9r\u00e9 que \u00ab la pr\u00e9servation du pouvoir d\u2019achat du citoyen et la lutte contre les d\u00e9passements, le monopole et l\u2019augmentation des prix, constituent des priorit\u00e9s pour le contr\u00f4le \u00e9conomique des march\u00e9s, \u00e9voquant par ailleurs le r\u00f4le central jou\u00e9 par l\u2019Agence de promotion des Exportations (CEPEX), et les chambres de commerce dans l\u2019impulsion des exportations tunisiennes et la conqu\u00eate de nouveaux march\u00e9s susceptibles de r\u00e9sorber l\u2019exc\u00e9dent de la production tunisienne<\/p>\n<p>Il convient de signaler que le ministre du Commerce a effectu\u00e9 une visite au march\u00e9 central dde Ariana o\u00f9 il a pris connaissance des pr\u00e9occupations des commer\u00e7ants et des m\u00e9canismes d\u2019approvisionnement en produits agricoles. Puis il s\u2019est d\u00e9plac\u00e9 au p\u00f4le technologique d\u2019El Ghazela o\u00f9 il s\u2019est enquis de l\u2019activit\u00e9 d\u2019une p\u00e9pini\u00e8re d\u2019entreprises bas\u00e9e sur l\u2019export. Il a \u00e9t\u00e9 \u00e9galement, \u00e0 l\u2019\u00e9coute des pr\u00e9occupations des agents de la direction r\u00e9gionale du commerce d\u2019Ariana, en ce qui concerne les moyens de d\u00e9velopper leur activit\u00e9 de contr\u00f4le et de leur permettre de de b\u00e9n\u00e9ficier de leurs droits professionnels.<\/p>\n<div class=\"wp-post-author-wrap wp-post-author-shortcode left\">\n<h3 class=\"awpa-title\"\/>\n<div class=\"wp-post-author\">\n<div class=\"awpa-img awpa-author-block square\"><a href=\"http:\/\/lexpertjournal.net\/fr\/?author=5\"><img loading=\"lazy\" decoding=\"async\" alt=\"\" src=\"http:\/\/0.gravatar.com\/avatar\/97f8e10a1c1125ba104a76514ee07b16?s=150&amp;d=mm&amp;r=g\" srcset=\"http:\/\/0.gravatar.com\/avatar\/97f8e10a1c1125ba104a76514ee07b16?s=300&amp;d=mm&amp;r=g 2x\" class=\"avatar avatar-150 photo\" height=\"150\" width=\"150\"\/><\/a><\/div>\n<\/div>\n<\/div>\n<aside class=\"mashsb-container mashsb-main mashsb-stretched\">\n<\/aside>\n<p>Auteur: L&rsquo;expert<br \/>\n<a href=\"http:\/\/lexpertjournal.net\/fr\/?p=15677\">Cliquez ici pour lire l&rsquo;article depuis sa source.<\/a><\/p>\n","protected":false},"excerpt":{"rendered":"<p>Une nouvelle strat\u00e9gie nationale sera bient\u00f4t mise en \u0153uvre pour rationaliser l\u2019importation des marchandises et num\u00e9riser le contr\u00f4le des circuits de distribution, dans le but d\u2019am\u00e9liorer le pouvoir d\u2019achat du citoyen et maitriser la hausse des prix, compte-tenu de l\u2019abondance qui caract\u00e9rise actuellement la production agricole dans toutes les fili\u00e8res, \u00e0 l\u2019instar des viandes rouges, [&hellip;]<\/p>\n","protected":false},"author":1775,"featured_media":0,"comment_status":"closed","ping_status":"closed","sticky":false,"template":"","format":"standard","meta":{"fifu_image_url":"","fifu_image_alt":"","footnotes":""},"categories":[78,55],"tags":[],"class_list":["post-91736","post","type-post","status-publish","format-standard","hentry","category-economie","category-tunisie"],"_links":{"self":[{"href":"https:\/\/linitiative.ca\/International\/wp-json\/wp\/v2\/posts\/91736","targetHints":{"allow":["GET"]}}],"collection":[{"href":"https:\/\/linitiative.ca\/International\/wp-json\/wp\/v2\/posts"}],"about":[{"href":"https:\/\/linitiative.ca\/International\/wp-json\/wp\/v2\/types\/post"}],"author":[{"embeddable":true,"href":"https:\/\/linitiative.ca\/International\/wp-json\/wp\/v2\/users\/1775"}],"replies":[{"embeddable":true,"href":"https:\/\/linitiative.ca\/International\/wp-json\/wp\/v2\/comments?post=91736"}],"version-history":[{"count":0,"href":"https:\/\/linitiative.ca\/International\/wp-json\/wp\/v2\/posts\/91736\/revisions"}],"wp:attachment":[{"href":"https:\/\/linitiative.ca\/International\/wp-json\/wp\/v2\/media?parent=91736"}],"wp:term":[{"taxonomy":"category","embeddable":true,"href":"https:\/\/linitiative.ca\/International\/wp-json\/wp\/v2\/categories?post=91736"},{"taxonomy":"post_tag","embeddable":true,"href":"https:\/\/linitiative.ca\/International\/wp-json\/wp\/v2\/tags?post=91736"}],"curies":[{"name":"wp","href":"https:\/\/api.w.org\/{rel}","templated":true}]}}