{"id":91741,"date":"2020-07-09T05:30:00","date_gmt":"2020-07-09T09:30:00","guid":{"rendered":"https:\/\/linitiative.ca\/International\/colere-et-consternation\/"},"modified":"2020-07-09T05:30:00","modified_gmt":"2020-07-09T09:30:00","slug":"colere-et-consternation","status":"publish","type":"post","link":"https:\/\/linitiative.ca\/International\/colere-et-consternation\/","title":{"rendered":"Col\u00e8re et consternation"},"content":{"rendered":"<div id=\"originalText\" readability=\"79\">\n<p><strong>Le ministre de la Sant\u00e9 a \u00e9t\u00e9 accueilli par des citoyens en col\u00e8re r\u00e9clamant des \u00e9claircissements sur l\u2019\u00e9volution dramatique de la situation \u00e9pid\u00e9miologique dans la wilaya et de situer les responsabilit\u00e9s dans la gestion de l\u2019\u00e9pid\u00e9mie qui a pris une ampleur inqui\u00e9tante.\u00a0<\/strong><\/p>\n<p>En marge de la visite de travail du ministre de la Sant\u00e9, de la Population et de la R\u00e9forme hospitali\u00e8re, Abderahmane Benbouzid, hier dans la wilaya de Biskra, de nombreux citoyens se sont rassembl\u00e9s devant l\u2019h\u00f4pital Hakim-Sa\u00e2dane et ont scand\u00e9 des slogans hostiles aux responsables qui g\u00e8rent la crise sanitaire que connait la r\u00e9gion et qu\u2019ils qualifient de \u201ccatastrophique\u201d. Une marche pacifique a \u00e9galement \u00e9t\u00e9 organis\u00e9e par des dizaines de jeunes, dans une rue jouxtant l\u2019h\u00f4pital.<\/p>\n<p>Les participants ont \u00e9t\u00e9 rapidement dispers\u00e9s par les forces de l\u2019ordre. Selon des sources, certains ont \u00e9t\u00e9 interpell\u00e9s. Profitant de la visite du ministre, ces citoyens se sont organis\u00e9s pour lui soumettre leurs dol\u00e9ances li\u00e9es \u00e0 la gestion de la crise sanitaire, qui a d\u2019ailleurs engendr\u00e9 un nombre important de d\u00e9c\u00e8s ces derni\u00e8res semaines. \u201cPlus de 10 d\u00e9c\u00e8s par jour d\u00e9note l\u2019indiff\u00e9rence et la n\u00e9gligence envers les malades, ainsi qu\u2019une prise en charge douteuse. Par le biais de Facebook, vous savez d\u00e9j\u00e0 ce qui se passe \u00e0 l\u2019int\u00e9rieur des h\u00f4pitaux de Biskra. Est-ce normal qu\u2019un patient soit allong\u00e9 \u00e0 m\u00eame le sol ? Comment peut-on qualifier ce comportement, n\u2019est ce pas l\u00e0 de la n\u00e9gligence ? Et c\u2019est ce que nous d\u00e9non\u00e7ons fermement. Nous demandons qu\u2019une enqu\u00eate soit ouverte \u00e0 ce propos\u201d, nous d\u00e9clare N. B. un militant associatif qui pointe un doigt accusateur vers les responsables de la sant\u00e9.<\/p>\n<p>Notre interlocuteur ajoute : \u201cLa veille de la visite du ministre, l\u2019h\u00f4pital \u2014 qui est dans un \u00e9tat lamentable (voir les vid\u00e9os circulant sur les r\u00e9seaux cociaux)\u2014 a subi pour l\u2019occasion un lifting. Ce n\u2019est pas normal que des patients succombent par manque d\u2019oxyg\u00e8ne.\u201d \u00c0 ce propos\u00a0 les services de la DSP viennent de rendre public un communiqu\u00e9 dans lequel ils d\u00e9mentent cat\u00e9goriquement les informations faisant \u00e9tat de manque d\u2019oxyg\u00e8ne \u00e0 l\u2019h\u00f4pital Hakim-Sa\u00e2dane. Et notre interlocuteur de s\u2019interroger : \u201cPourquoi dans ce cas, Houhou Mohamed, est d\u00e9c\u00e9d\u00e9 hier dans une ambulance durant son transfert vers l\u2019h\u00f4pital de Tolga ?\u201d L\u2019on apprend par ailleurs que Biskra recevra aujourd\u2019hui 30 respirateurs. Il s\u2019agit d\u2019un don fait par des Alg\u00e9riens \u00e9tablis \u00e0 l\u2019\u00e9tranger. \u00c0 noter que le personnel param\u00e9dical de l\u2019h\u00f4pital Hakim-Sa\u00e2dane n\u2019a pas laiss\u00e9 filer l\u2019occasion de cette visite. De nombreux param\u00e9dicaux ont organis\u00e9 en fin de matin\u00e9e une action de protestation au sein de l\u2019h\u00f4pital, en brandissant des banderoles et des pancartes d\u00e9crivant les conditions de travail dans lesquelles ils exercent.<\/p>\n<p>Ainsi, on peut lire \u00e0 titre d\u2019exemple sur une de leurs pancartes : \u201cMonsieur le ministre, l\u2019h\u00f4pital vient d\u2019\u00eatre \u00e9quip\u00e9 pour vous.\u201d Faut-il rappeler que la situation \u00e9pid\u00e9miologique dans la wilaya de Biskra, fait craindre le pire. La r\u00e9gion qui ne dispose m\u00eame pas d\u2019un laboratoire de d\u00e9pistage de coronavirus, est class\u00e9e premi\u00e8re en terme de contamination inh\u00e9rente au coronavirus. Hier, elle a enregistr\u00e9 45 cas, portant \u00e0 327, le nombre de personnes atteintes par la maladie. Quant aux d\u00e9c\u00e8s, Biskra enregistre une moyenne de 10 de morts par jour. Cet \u00e9tat de fait a cr\u00e9\u00e9 un climat de d\u00e9tresse, d\u2019angoisse et d\u2019inqui\u00e9tude chez les habitants de la wilaya. La visite du ministre dans la r\u00e9gion inversera-t-elle l\u2019\u00e9quation ?<\/p>\n<p class=\"c6\"><strong>H. BAHAMMA<\/strong><\/p>\n<\/div>\n<div id=\"text_core\" readability=\"79\">\n<p><strong>Le ministre de la Sant\u00e9 a \u00e9t\u00e9 accueilli par des citoyens en col\u00e8re r\u00e9clamant des \u00e9claircissements sur l\u2019\u00e9volution dramatique de la situation \u00e9pid\u00e9miologique dans la wilaya et de situer les responsabilit\u00e9s dans la gestion de l\u2019\u00e9pid\u00e9mie qui a pris une ampleur inqui\u00e9tante.\u00a0<\/strong><\/p>\n<p>En marge de la visite de travail du ministre de la Sant\u00e9, de la Population et de la R\u00e9forme hospitali\u00e8re, Abderahmane Benbouzid, hier dans la wilaya de Biskra, de nombreux citoyens se sont rassembl\u00e9s devant l\u2019h\u00f4pital Hakim-Sa\u00e2dane et ont scand\u00e9 des slogans hostiles aux responsables qui g\u00e8rent la crise sanitaire que connait la r\u00e9gion et qu\u2019ils qualifient de \u201ccatastrophique\u201d. Une marche pacifique a \u00e9galement \u00e9t\u00e9 organis\u00e9e par des dizaines de jeunes, dans une rue jouxtant l\u2019h\u00f4pital.<\/p>\n<p>Les participants ont \u00e9t\u00e9 rapidement dispers\u00e9s par les forces de l\u2019ordre. Selon des sources, certains ont \u00e9t\u00e9 interpell\u00e9s. Profitant de la visite du ministre, ces citoyens se sont organis\u00e9s pour lui soumettre leurs dol\u00e9ances li\u00e9es \u00e0 la gestion de la crise sanitaire, qui a d\u2019ailleurs engendr\u00e9 un nombre important de d\u00e9c\u00e8s ces derni\u00e8res semaines. \u201cPlus de 10 d\u00e9c\u00e8s par jour d\u00e9note l\u2019indiff\u00e9rence et la n\u00e9gligence envers les malades, ainsi qu\u2019une prise en charge douteuse. Par le biais de Facebook, vous savez d\u00e9j\u00e0 ce qui se passe \u00e0 l\u2019int\u00e9rieur des h\u00f4pitaux de Biskra. Est-ce normal qu\u2019un patient soit allong\u00e9 \u00e0 m\u00eame le sol ? Comment peut-on qualifier ce comportement, n\u2019est ce pas l\u00e0 de la n\u00e9gligence ? Et c\u2019est ce que nous d\u00e9non\u00e7ons fermement. Nous demandons qu\u2019une enqu\u00eate soit ouverte \u00e0 ce propos\u201d, nous d\u00e9clare N. B. un militant associatif qui pointe un doigt accusateur vers les responsables de la sant\u00e9.<\/p>\n<p>Notre interlocuteur ajoute : \u201cLa veille de la visite du ministre, l\u2019h\u00f4pital \u2014 qui est dans un \u00e9tat lamentable (voir les vid\u00e9os circulant sur les r\u00e9seaux cociaux)\u2014 a subi pour l\u2019occasion un lifting. Ce n\u2019est pas normal que des patients succombent par manque d\u2019oxyg\u00e8ne.\u201d \u00c0 ce propos\u00a0 les services de la DSP viennent de rendre public un communiqu\u00e9 dans lequel ils d\u00e9mentent cat\u00e9goriquement les informations faisant \u00e9tat de manque d\u2019oxyg\u00e8ne \u00e0 l\u2019h\u00f4pital Hakim-Sa\u00e2dane. Et notre interlocuteur de s\u2019interroger : \u201cPourquoi dans ce cas, Houhou Mohamed, est d\u00e9c\u00e9d\u00e9 hier dans une ambulance durant son transfert vers l\u2019h\u00f4pital de Tolga ?\u201d L\u2019on apprend par ailleurs que Biskra recevra aujourd\u2019hui 30 respirateurs. Il s\u2019agit d\u2019un don fait par des Alg\u00e9riens \u00e9tablis \u00e0 l\u2019\u00e9tranger. \u00c0 noter que le personnel param\u00e9dical de l\u2019h\u00f4pital Hakim-Sa\u00e2dane n\u2019a pas laiss\u00e9 filer l\u2019occasion de cette visite. De nombreux param\u00e9dicaux ont organis\u00e9 en fin de matin\u00e9e une action de protestation au sein de l\u2019h\u00f4pital, en brandissant des banderoles et des pancartes d\u00e9crivant les conditions de travail dans lesquelles ils exercent.<\/p>\n<p>Ainsi, on peut lire \u00e0 titre d\u2019exemple sur une de leurs pancartes : \u201cMonsieur le ministre, l\u2019h\u00f4pital vient d\u2019\u00eatre \u00e9quip\u00e9 pour vous.\u201d Faut-il rappeler que la situation \u00e9pid\u00e9miologique dans la wilaya de Biskra, fait craindre le pire. La r\u00e9gion qui ne dispose m\u00eame pas d\u2019un laboratoire de d\u00e9pistage de coronavirus, est class\u00e9e premi\u00e8re en terme de contamination inh\u00e9rente au coronavirus. Hier, elle a enregistr\u00e9 45 cas, portant \u00e0 327, le nombre de personnes atteintes par la maladie. Quant aux d\u00e9c\u00e8s, Biskra enregistre une moyenne de 10 de morts par jour. Cet \u00e9tat de fait a cr\u00e9\u00e9 un climat de d\u00e9tresse, d\u2019angoisse et d\u2019inqui\u00e9tude chez les habitants de la wilaya. La visite du ministre dans la r\u00e9gion inversera-t-elle l\u2019\u00e9quation ?<\/p>\n<p class=\"c6\"><strong>H. BAHAMMA<\/strong><\/p>\n<\/div>\n<p>Auteur:<br \/>\n<a href=\"https:\/\/www.liberte-algerie.com\/actualite\/colere-et-consternation-341764\">Cliquez ici pour lire l&rsquo;article depuis sa source.<\/a><\/p>\n","protected":false},"excerpt":{"rendered":"<p>Le ministre de la Sant\u00e9 a \u00e9t\u00e9 accueilli par des citoyens en col\u00e8re r\u00e9clamant des \u00e9claircissements sur l\u2019\u00e9volution dramatique de la situation \u00e9pid\u00e9miologique dans la wilaya et de situer les responsabilit\u00e9s dans la gestion de l\u2019\u00e9pid\u00e9mie qui a pris une ampleur inqui\u00e9tante.\u00a0 En marge de la visite de travail du ministre de la Sant\u00e9, de [&hellip;]<\/p>\n","protected":false},"author":1742,"featured_media":0,"comment_status":"closed","ping_status":"closed","sticky":false,"template":"","format":"standard","meta":{"fifu_image_url":"","fifu_image_alt":"","footnotes":""},"categories":[73,53],"tags":[],"class_list":["post-91741","post","type-post","status-publish","format-standard","hentry","category-actualite","category-algerie"],"_links":{"self":[{"href":"https:\/\/linitiative.ca\/International\/wp-json\/wp\/v2\/posts\/91741","targetHints":{"allow":["GET"]}}],"collection":[{"href":"https:\/\/linitiative.ca\/International\/wp-json\/wp\/v2\/posts"}],"about":[{"href":"https:\/\/linitiative.ca\/International\/wp-json\/wp\/v2\/types\/post"}],"author":[{"embeddable":true,"href":"https:\/\/linitiative.ca\/International\/wp-json\/wp\/v2\/users\/1742"}],"replies":[{"embeddable":true,"href":"https:\/\/linitiative.ca\/International\/wp-json\/wp\/v2\/comments?post=91741"}],"version-history":[{"count":0,"href":"https:\/\/linitiative.ca\/International\/wp-json\/wp\/v2\/posts\/91741\/revisions"}],"wp:attachment":[{"href":"https:\/\/linitiative.ca\/International\/wp-json\/wp\/v2\/media?parent=91741"}],"wp:term":[{"taxonomy":"category","embeddable":true,"href":"https:\/\/linitiative.ca\/International\/wp-json\/wp\/v2\/categories?post=91741"},{"taxonomy":"post_tag","embeddable":true,"href":"https:\/\/linitiative.ca\/International\/wp-json\/wp\/v2\/tags?post=91741"}],"curies":[{"name":"wp","href":"https:\/\/api.w.org\/{rel}","templated":true}]}}