{"id":91746,"date":"2020-07-09T11:02:35","date_gmt":"2020-07-09T15:02:35","guid":{"rendered":"https:\/\/linitiative.ca\/International\/confinement-partiel-a-setif-strict-respect-et-arret-total-des-deplacements-au-1er-jour\/"},"modified":"2020-07-09T11:02:35","modified_gmt":"2020-07-09T15:02:35","slug":"confinement-partiel-a-setif-strict-respect-et-arret-total-des-deplacements-au-1er-jour","status":"publish","type":"post","link":"https:\/\/linitiative.ca\/International\/confinement-partiel-a-setif-strict-respect-et-arret-total-des-deplacements-au-1er-jour\/","title":{"rendered":"confinement partiel \u00e0 S\u00e9tif: strict respect et arr\u00eat total des d\u00e9placements au 1er jour"},"content":{"rendered":"<div readability=\"37\">\n<p><strong>SETIF- Une large adh\u00e9sion au confinement partiel (13h-5h) a \u00e9t\u00e9 observ\u00e9e dans la majorit\u00e9 des 18 communes de la wilaya de S\u00e9tif concern\u00e9es, au premier jour (mercredi) de l&rsquo;entr\u00e9e en vigueur de la d\u00e9cision du minist\u00e8re de l&rsquo;Int\u00e9rieur, des Collectivit\u00e9s locales et de l&rsquo;Am\u00e9nagement du territoire.<\/strong><\/p>\n<\/div>\n<div readability=\"184.17646583751\">\n<p>La plupart des art\u00e8res et axes routiers des communes concern\u00e9es ont \u00e9t\u00e9 \u00ab\u00a0d\u00e9sert\u00e9s\u00a0\u00bb par les citoyens et les v\u00e9hicules, avec en toile de fond un important d\u00e9ploiement des services de s\u00e9curit\u00e9 par rapport aux p\u00e9riodes pr\u00e9c\u00e9dentes.<\/p>\n<p>Au chef-lieu de la wilaya, un silence de plomb a \u00e9t\u00e9 constat\u00e9 quelques minutes seulement apr\u00e8s le d\u00e9but du confinement, notamment \u00e0 la place de la Poste centrale, au si\u00e8ge de la wilaya et dans les lieux commun\u00e9ment tr\u00e8s fr\u00e9quent\u00e9s par les citoyens, comme la placette du march\u00e9 des 1014 logements, tout au long de la route menant \u00e0 la cit\u00e9 du 20 ao\u00fbt.<\/p>\n<p>La banlieue Est de la ville a v\u00e9cu la m\u00eame ambiance, \u00e0 l&rsquo;exception de certaines pharmacies rest\u00e9es ouvertes dans la cit\u00e9 \u00ab\u00a0Hachmi\u00a0\u00bb pr\u00e9cis\u00e9ment et \u00ab\u00a0El Hidhab\u00a0\u00bb, o\u00f9 un grand nombre de citoyens et de badauds ont pour habitude de s\u2019y rassembler.<\/p>\n<p>Le fait saillant, cette fois-ci, c&rsquo;est l&rsquo;arr\u00eat obligatoire de circuler pour tous les v\u00e9hicules et les personnes, contrastant avec une pr\u00e9sence importante des \u00e9l\u00e9ments de la s\u00fbret\u00e9 de wilaya plus d\u00e9termin\u00e9s qu\u2019auparavant \u00e0 s\u00e9vir envers les contrevenants, selon leurs propres propos.<\/p>\n<p>Plusieurs agents de s\u00e9curit\u00e9 ont fait part \u00e0 l\u2019APS de leur \u00ab\u00a0satisfaction\u00a0\u00bb quant au degr\u00e9 d\u2019adh\u00e9sion des citoyens au respect des r\u00e8gles de confinement, seule solution pour faire face \u00e0 la propagation de l\u2019\u00e9pid\u00e9mie de coronavirus en l&rsquo;absence d&rsquo;un vaccin, selon les experts.<\/p>\n<p>Pour le commissaire de police, Abdelouahab Aissani, responsable de la cellule de communication de la s\u00fbret\u00e9 de wilaya de S\u00e9tif, \u00ab\u00a0les habitants sont appel\u00e9s \u00e0 faire preuve de citoyennet\u00e9, de sens de responsabilit\u00e9 et d\u2019\u00eatre en phase avec les services de s\u00e9curit\u00e9 ainsi que les \u00e9quipes m\u00e9dicales et param\u00e9dicales pour faire face \u00e0 cette crise sanitaire difficile\u00a0\u00bb.<\/p>\n<blockquote readability=\"12\">\n<p><em><strong>Il a, \u00e0 ce titre, indiqu\u00e9 que \u00ab\u00a0le moindre laxisme de la part des agents de s\u00e9curit\u00e9 repr\u00e9sente un risque sur la sant\u00e9 publique, la vie et la s\u00e9curit\u00e9 des citoyens, mais aussi un manquement vis-\u00e0-vis de la situation sanitaire dans la wilaya notamment en cette p\u00e9riode caract\u00e9ris\u00e9e par l&rsquo;augmentation significative des cas de contaminations par le coronavirus\u00a0\u00bb.<\/strong><\/em><\/p>\n<\/blockquote>\n<hr\/>\n<h3 class=\"itemTitle\">Lire aussi:\u00a0<a href=\"http:\/\/www.aps.dz\/regions\/107170-setif-covid-19-fermeture-des-marches-comme-mesure-preventive\" target=\"_blank\" rel=\"noopener noreferrer\">S\u00e9tif\/Covid-19: fermeture des march\u00e9s comme mesure pr\u00e9ventive<\/a><\/h3>\n<hr\/>\n<p>M.Aissani a soulign\u00e9, par ailleurs, que \u00ab\u00a0le respect quasi g\u00e9n\u00e9ral du confinement partiel par les citoyens, traduit leur prise de conscience vis-\u00e0-vis d\u2019une situation \u00e9pid\u00e9miologique pr\u00e9occupante dans la wilaya, et qui n\u00e9cessite davantage de rigueur, car toute n\u00e9gligence co\u00fbtera encore plus de vies humaines\u00a0\u00bb.<\/p>\n<p>M\u00eame constat dans la commune de Ain Azal (50 km au Sud de S\u00e9tif), o\u00f9 les efforts de sensibilisation d\u00e9ploy\u00e9s par les services de s\u00e9curit\u00e9 exhortant la population au respect du confinement partiel \u00e0 l\u2019aide de haut-parleurs, ont port\u00e9 leurs fruits et suscit\u00e9 une prise de conscience des habitants qui ont regagn\u00e9 leurs foyers, y compris les propri\u00e9taires des commerces.<\/p>\n<p>Des actions qui ont ainsi permis, avant l\u2019entr\u00e9e en vigueur du confinement partiel, d\u2019\u00e9veiller une certaine conscience chez les habitants de cette collectivit\u00e9 qui fait partie des r\u00e9gions les plus touch\u00e9es de la wilaya de S\u00e9tif, par la Covid-19.<\/p>\n<p>Le reste des communes concern\u00e9es par la d\u00e9cision de renforcer et \u00e9tendre les heures de confinement partiel ont connu une ambiance similaire, se traduisant par un large respect des r\u00e8gles de pr\u00e9vention, \u00e0 l\u2019instar d\u2019El Eulma, Ain Lahdjar, Guelta Zerga, Bazer Sekra, Ain Oulm\u00e8ne et Ain Azal, dont les citoyens ont fait montre d\u2019un \u00ab\u00a0haut niveau de conscience\u00a0\u00bb exprim\u00e9 par de nombreux internautes \u00e0 travers le r\u00e9seau social Facebook.<\/p>\n<p>Dans ce contexte, le wali de S\u00e9tif, Mohamed Belkateb, avait pr\u00e9alablement assur\u00e9 que \u00ab\u00a0le confinement \u00e0 domicile ciblant 18 communes de la wilaya pendant une dur\u00e9e de 15 jours \u00e0 partir d&rsquo;hier, mercredi, sera strict et coercitif envers les contrevenants\u00a0\u00bb, n\u2019excluant pas \u00ab\u00a0le recours \u00e0 la force publique le cas \u00e9ch\u00e9ant\u00a0\u00bb.<\/p>\n<p>De son c\u00f4t\u00e9, le procureur g\u00e9n\u00e9ral pr\u00e8s la Cour de justice de S\u00e9tif, Abdelmadjid Djebbari, a rappel\u00e9 que \u00ab\u00a0la police judiciaire s&rsquo;acquittera de ses fonctions par une application rigoureuse de la loi et sanctionnera, sans exception, tous les transgresseurs des mesures de pr\u00e9vention\u00a0\u00bb.<\/p>\n<blockquote readability=\"11\">\n<p><em><strong>Face \u00e0 la situation sanitaire inqui\u00e9tante pr\u00e9valant \u00e0 S\u00e9tif, de nombreux travailleurs du secteur de la sant\u00e9 et des \u00e9pid\u00e9miologistes ont lanc\u00e9, pour leur part, un appel \u00e0 la population de la wilaya \u00e0 \u00ab\u00a0ne pas sortir en grand nombre en dehors des heures de confinement pour \u00e9viter les bousculades et la foule dans les lieux publics ou ferm\u00e9s synonyme de risque de transmission du virus\u00a0\u00bb.<\/strong><\/em><\/p>\n<\/blockquote>\n<p>Le chef de service de m\u00e9decine interne du Centre hospitalo-universitaire Mohamed Abdenour Sa\u00e2dana, le Pr. Rachid Malek, consid\u00e8re, \u00e0 cet effet, que \u00ab\u00a0le citoyen doit \u00eatre convaincu de l&rsquo;efficacit\u00e9 du confinement \u00e0 domicile pour r\u00e9duire le nombre des malades contamin\u00e9s sans pour autant n\u00e9gliger l&rsquo;importance de la sensibilisation\u00a0\u00bb.<\/p>\n<hr\/>\n<h3 class=\"itemTitle\">Lire aussi:\u00a0<a href=\"http:\/\/www.aps.dz\/regions\/107069-covid-19-confinement-partiel-dans-18-communes-de-setif-a-partir-de-mercredi\" target=\"_blank\" rel=\"noopener noreferrer\">Covid-19: confinement partiel dans 18 communes de S\u00e9tif \u00e0 partir de mercredi<\/a><\/h3>\n<hr\/>\n<p>La wilaya de S\u00e9tif a r\u00e9cemment connu une augmentation \u00ab\u00a0significative\u00a0\u00bb du nombre de nouvelles contaminations par la Covid-19 depuis le 16 mars dernier, date \u00e0 laquelle le premier cas avait \u00e9t\u00e9 confirm\u00e9 dans la r\u00e9gion, atteignant \u00e0 pr\u00e9sent (jusqu\u2019\u00e0 hier mercredi) 1.656 cas, selon la Commission de veille et de suivi de la propagation du coronavirus en Alg\u00e9rie.<\/p>\n<p>Pour rappel, le minist\u00e8re de l&rsquo;Int\u00e9rieur, des Collectivit\u00e9s locales et de l\u2019Am\u00e9nagement du territoire a d\u00e9cid\u00e9, mardi dernier, d\u2019imposer des mesures de confinement partiel dans 18 communes de la wilaya de S\u00e9tif, de 13 heures \u00e0 5 heures du matin pour une p\u00e9riode de 15 jours, \u00e0 compter du mercredi 8 juillet 2020, dans le cadre du renforcement des mesures pr\u00e9ventives visant \u00e0 lutter contre la propagation de l\u2019\u00e9pid\u00e9mie de Covid-19.<\/p>\n<p>Il s\u2019agit des communes de S\u00e9tif, Ain Arnat, Ain Abessa, Ouricia, Ain Oulm\u00e8ne, Ksar El Abtal, Guellal, Ain Azel, Ain Lahdjer, Bir Hadada, El Eulma, Bazer Sakra, El Guelta Zerga, Bouga\u00e2, Ain Roua, Beni Oussine, Beida Bordj et Ain Kebira.<\/p>\n<\/div>\n<p>Auteur:<br \/>\n<a href=\"http:\/\/www.aps.dz\/regions\/107189-confinement-partiel-a-setif-strict-respect-et-arret-total-des-deplacements-au-1er-jour\">Cliquez ici pour lire l&rsquo;article depuis sa source.<\/a><\/p>\n","protected":false},"excerpt":{"rendered":"<p>SETIF- Une large adh\u00e9sion au confinement partiel (13h-5h) a \u00e9t\u00e9 observ\u00e9e dans la majorit\u00e9 des 18 communes de la wilaya de S\u00e9tif concern\u00e9es, au premier jour (mercredi) de l&rsquo;entr\u00e9e en vigueur de la d\u00e9cision du minist\u00e8re de l&rsquo;Int\u00e9rieur, des Collectivit\u00e9s locales et de l&rsquo;Am\u00e9nagement du territoire. La plupart des art\u00e8res et axes routiers des communes [&hellip;]<\/p>\n","protected":false},"author":1790,"featured_media":0,"comment_status":"closed","ping_status":"closed","sticky":false,"template":"","format":"standard","meta":{"fifu_image_url":"","fifu_image_alt":"","footnotes":""},"categories":[53,76],"tags":[],"class_list":["post-91746","post","type-post","status-publish","format-standard","hentry","category-algerie","category-regions"],"_links":{"self":[{"href":"https:\/\/linitiative.ca\/International\/wp-json\/wp\/v2\/posts\/91746","targetHints":{"allow":["GET"]}}],"collection":[{"href":"https:\/\/linitiative.ca\/International\/wp-json\/wp\/v2\/posts"}],"about":[{"href":"https:\/\/linitiative.ca\/International\/wp-json\/wp\/v2\/types\/post"}],"author":[{"embeddable":true,"href":"https:\/\/linitiative.ca\/International\/wp-json\/wp\/v2\/users\/1790"}],"replies":[{"embeddable":true,"href":"https:\/\/linitiative.ca\/International\/wp-json\/wp\/v2\/comments?post=91746"}],"version-history":[{"count":0,"href":"https:\/\/linitiative.ca\/International\/wp-json\/wp\/v2\/posts\/91746\/revisions"}],"wp:attachment":[{"href":"https:\/\/linitiative.ca\/International\/wp-json\/wp\/v2\/media?parent=91746"}],"wp:term":[{"taxonomy":"category","embeddable":true,"href":"https:\/\/linitiative.ca\/International\/wp-json\/wp\/v2\/categories?post=91746"},{"taxonomy":"post_tag","embeddable":true,"href":"https:\/\/linitiative.ca\/International\/wp-json\/wp\/v2\/tags?post=91746"}],"curies":[{"name":"wp","href":"https:\/\/api.w.org\/{rel}","templated":true}]}}