{"id":91754,"date":"2020-07-09T06:25:38","date_gmt":"2020-07-09T10:25:38","guid":{"rendered":"https:\/\/linitiative.ca\/International\/une-femme-a-la-tete-de-schneider-electric-maroc\/"},"modified":"2020-07-09T06:25:38","modified_gmt":"2020-07-09T10:25:38","slug":"une-femme-a-la-tete-de-schneider-electric-maroc","status":"publish","type":"post","link":"https:\/\/linitiative.ca\/International\/une-femme-a-la-tete-de-schneider-electric-maroc\/","title":{"rendered":"Une femme \u00e0 la t\u00eate de Schneider Electric Maroc"},"content":{"rendered":"<div class=\"body\">\n<div class=\"field field-name-body field-type-text-with-summary field-label-hidden\">\n<div class=\"field-items\" readability=\"8\">\n<div class=\"field-item even\" property=\"content:encoded\" readability=\"11\">\n<p class=\"rtejustify\">Leila Jebbari vient d\u2019\u00eatre nomm\u00e9e directrice g\u00e9n\u00e9rale par Schneider Electric pour sa filiale Maroc. Cela fait d\u2019elle la premi\u00e8re femme marocaine a\u0300 diriger une organisation multinationale dans le secteur de l\u2019\u00e9nergie et de l\u2019ing\u00e9nierie. Il s\u2019agit d\u2019une v\u00e9ritable promotion pour celle qui a rejoint Schneider Electric en 2018, en tant que vice-pre\u0301sidente de l\u2019exp\u00e9rience client et op\u00e9rations commerciales ainsi que de la satisfaction clients et qualit\u00e9 au sein du cluster Afrique francophone et i\u0302les.<br \/><em>M.A.B.<\/em><\/p>\n<\/div>\n<\/div>\n<\/div>\n<\/div>\n<div class=\"eco-conseil\">\n<div class=\"view view-eco-conseil-16 view-id-eco_conseil_16 view-display-id-cookies view-dom-id-73e089cfe5a3f3a3371ce5a568f9d5e7\">\n<div class=\"view-content\">\n<div id=\"views-bootstrap-grid-1\" class=\"views-bootstrap-grid-plugin-style\">\n<div class=\"row\">\n<div class=\" col-xs-12 col-lg-4\">\n<div class=\"row\">\n<div class=\"col col-xs-12 col-lg-12\">\n<div class=\"field-content\"><a href=\"\/article\/1064492-elections-laftit-rencontre-les-patrons-des-partis\"><img loading=\"lazy\" decoding=\"async\" class=\"img-responsive\" typeof=\"foaf:Image\" src=\"https:\/\/www.leconomiste.com\/sites\/default\/files\/eco7\/public\/styles\/800x400\/public\/default_images\/default_une.jpg?itok=4jZlgnIZ\" width=\"660\" height=\"330\" alt=\"\"\/><\/a><\/div>\n<\/div>\n<div class=\" title_suite_2 col col-xs-12 col-lg-12\"> <a href=\"\/article\/1064492-elections-laftit-rencontre-les-patrons-des-partis\"\/><span class=\"field-content\">Elections: Laftit rencontre les patrons des partis<\/span><\/div>\n<\/div>\n<\/div>\n<div class=\" col-xs-12 col-lg-4\">\n<div class=\"row\">\n<div class=\"col col-xs-12 col-lg-12\">\n<div class=\"field-content\"><a href=\"\/article\/1064491-parcours-international-du-bac-75-de-candidats\"><img loading=\"lazy\" decoding=\"async\" class=\"img-responsive\" typeof=\"foaf:Image\" src=\"https:\/\/www.leconomiste.com\/sites\/default\/files\/eco7\/public\/styles\/800x400\/public\/default_images\/default_une.jpg?itok=4jZlgnIZ\" width=\"660\" height=\"330\" alt=\"\"\/><\/a><\/div>\n<\/div>\n<div class=\" title_suite_2 col col-xs-12 col-lg-12\"> <a href=\"\/article\/1064491-parcours-international-du-bac-75-de-candidats\"\/><span class=\"field-content\">Parcours international du bac: +75% de candidats<\/span><\/div>\n<\/div>\n<\/div>\n<div class=\" col-xs-12 col-lg-4\">\n<div class=\"row\">\n<div class=\"col col-xs-12 col-lg-12\">\n<div class=\"field-content\"><a href=\"\/article\/1064490-classes-prepas-dernier-delai-ce-dimanche\"><img loading=\"lazy\" decoding=\"async\" class=\"img-responsive\" typeof=\"foaf:Image\" src=\"https:\/\/www.leconomiste.com\/sites\/default\/files\/eco7\/public\/styles\/800x400\/public\/default_images\/default_une.jpg?itok=4jZlgnIZ\" width=\"660\" height=\"330\" alt=\"\"\/><\/a><\/div>\n<\/div>\n<div class=\" title_suite_2 col col-xs-12 col-lg-12\"> <a href=\"\/article\/1064490-classes-prepas-dernier-delai-ce-dimanche\"\/><span class=\"field-content\">Classes pr\u00e9pas: Dernier d\u00e9lai ce dimanche<\/span><\/div>\n<\/div>\n<\/div>\n<\/div>\n<\/div>\n<\/div>\n<\/div>\n<\/div>\n<p>Auteur: hlafriqi<br \/>\n<a href=\"https:\/\/www.leconomiste.com\/article\/1064488-une-femme-la-tete-de-schneider-electric-maroc\">Cliquez ici pour lire l&rsquo;article depuis sa source.<\/a><\/p>\n","protected":false},"excerpt":{"rendered":"<p>Leila Jebbari vient d\u2019\u00eatre nomm\u00e9e directrice g\u00e9n\u00e9rale par Schneider Electric pour sa filiale Maroc. Cela fait d\u2019elle la premi\u00e8re femme marocaine a\u0300 diriger une organisation multinationale dans le secteur de l\u2019\u00e9nergie et de l\u2019ing\u00e9nierie. Il s\u2019agit d\u2019une v\u00e9ritable promotion pour celle qui a rejoint Schneider Electric en 2018, en tant que vice-pre\u0301sidente de l\u2019exp\u00e9rience client [&hellip;]<\/p>\n","protected":false},"author":1763,"featured_media":0,"comment_status":"closed","ping_status":"closed","sticky":false,"template":"","format":"standard","meta":{"fifu_image_url":"","fifu_image_alt":"","footnotes":""},"categories":[78,54],"tags":[],"class_list":["post-91754","post","type-post","status-publish","format-standard","hentry","category-economie","category-maroc"],"_links":{"self":[{"href":"https:\/\/linitiative.ca\/International\/wp-json\/wp\/v2\/posts\/91754","targetHints":{"allow":["GET"]}}],"collection":[{"href":"https:\/\/linitiative.ca\/International\/wp-json\/wp\/v2\/posts"}],"about":[{"href":"https:\/\/linitiative.ca\/International\/wp-json\/wp\/v2\/types\/post"}],"author":[{"embeddable":true,"href":"https:\/\/linitiative.ca\/International\/wp-json\/wp\/v2\/users\/1763"}],"replies":[{"embeddable":true,"href":"https:\/\/linitiative.ca\/International\/wp-json\/wp\/v2\/comments?post=91754"}],"version-history":[{"count":0,"href":"https:\/\/linitiative.ca\/International\/wp-json\/wp\/v2\/posts\/91754\/revisions"}],"wp:attachment":[{"href":"https:\/\/linitiative.ca\/International\/wp-json\/wp\/v2\/media?parent=91754"}],"wp:term":[{"taxonomy":"category","embeddable":true,"href":"https:\/\/linitiative.ca\/International\/wp-json\/wp\/v2\/categories?post=91754"},{"taxonomy":"post_tag","embeddable":true,"href":"https:\/\/linitiative.ca\/International\/wp-json\/wp\/v2\/tags?post=91754"}],"curies":[{"name":"wp","href":"https:\/\/api.w.org\/{rel}","templated":true}]}}