{"id":91755,"date":"2020-07-09T06:26:26","date_gmt":"2020-07-09T10:26:26","guid":{"rendered":"https:\/\/linitiative.ca\/International\/confinement-accor-hotels-fait-le-bilan-de-ses-actions-de-solidarite\/"},"modified":"2020-07-09T06:26:26","modified_gmt":"2020-07-09T10:26:26","slug":"confinement-accor-hotels-fait-le-bilan-de-ses-actions-de-solidarite","status":"publish","type":"post","link":"https:\/\/linitiative.ca\/International\/confinement-accor-hotels-fait-le-bilan-de-ses-actions-de-solidarite\/","title":{"rendered":"Confinement: Accor H\u00f4tels fait le bilan de ses actions de solidarit\u00e9"},"content":{"rendered":"<div class=\"body\">\n<div class=\"field field-name-body field-type-text-with-summary field-label-hidden\">\n<div class=\"field-items\" readability=\"10\">\n<div class=\"field-item even\" property=\"content:encoded\" readability=\"15\">\n<p class=\"rtejustify\">Selon Hamid Bentahar, pr\u00e9sident d\u2019Accor Gestion Maroc, plus de 34.000 nuit\u00e9es ont \u00e9t\u00e9 effectivement consomm\u00e9es par le corps m\u00e9dical et les autorit\u00e9s dans l\u2019ensemble des villes du royaume, sur un total de 50.000 nuit\u00e9es mises \u00e0 disposition. Rappelons que Accor a d\u00e8s le d\u00e9but de l\u2019\u00e9tat d\u2019urgence sanitaire, d\u00fb \u00e0 la Covid-19, montr\u00e9 sa solidarit\u00e9 avec le personnel soignant et les autorit\u00e9s mobilis\u00e9es dans la lutte contre la pand\u00e9mie.<br \/><em>M.Ko<\/em><\/p>\n<\/div>\n<\/div>\n<\/div>\n<\/div>\n<div class=\"eco-conseil\">\n<div class=\"view view-eco-conseil-16 view-id-eco_conseil_16 view-display-id-cookies view-dom-id-d5258d5828a3269003f75f3fa60d3284\">\n<div class=\"view-content\">\n<div id=\"views-bootstrap-grid-1\" class=\"views-bootstrap-grid-plugin-style\">\n<div class=\"row\">\n<div class=\" col-xs-12 col-lg-4\">\n<div class=\"row\">\n<div class=\"col col-xs-12 col-lg-12\">\n<div class=\"field-content\"><a href=\"\/article\/1064492-elections-laftit-rencontre-les-patrons-des-partis\"><img loading=\"lazy\" decoding=\"async\" class=\"img-responsive\" typeof=\"foaf:Image\" src=\"https:\/\/www.leconomiste.com\/sites\/default\/files\/eco7\/public\/styles\/800x400\/public\/default_images\/default_une.jpg?itok=4jZlgnIZ\" width=\"660\" height=\"330\" alt=\"\"\/><\/a><\/div>\n<\/div>\n<div class=\" title_suite_2 col col-xs-12 col-lg-12\"> <a href=\"\/article\/1064492-elections-laftit-rencontre-les-patrons-des-partis\"\/><span class=\"field-content\">Elections: Laftit rencontre les patrons des partis<\/span><\/div>\n<\/div>\n<\/div>\n<div class=\" col-xs-12 col-lg-4\">\n<div class=\"row\">\n<div class=\"col col-xs-12 col-lg-12\">\n<div class=\"field-content\"><a href=\"\/article\/1064491-parcours-international-du-bac-75-de-candidats\"><img loading=\"lazy\" decoding=\"async\" class=\"img-responsive\" typeof=\"foaf:Image\" src=\"https:\/\/www.leconomiste.com\/sites\/default\/files\/eco7\/public\/styles\/800x400\/public\/default_images\/default_une.jpg?itok=4jZlgnIZ\" width=\"660\" height=\"330\" alt=\"\"\/><\/a><\/div>\n<\/div>\n<div class=\" title_suite_2 col col-xs-12 col-lg-12\"> <a href=\"\/article\/1064491-parcours-international-du-bac-75-de-candidats\"\/><span class=\"field-content\">Parcours international du bac: +75% de candidats<\/span><\/div>\n<\/div>\n<\/div>\n<div class=\" col-xs-12 col-lg-4\">\n<div class=\"row\">\n<div class=\"col col-xs-12 col-lg-12\">\n<div class=\"field-content\"><a href=\"\/article\/1064490-classes-prepas-dernier-delai-ce-dimanche\"><img loading=\"lazy\" decoding=\"async\" class=\"img-responsive\" typeof=\"foaf:Image\" src=\"https:\/\/www.leconomiste.com\/sites\/default\/files\/eco7\/public\/styles\/800x400\/public\/default_images\/default_une.jpg?itok=4jZlgnIZ\" width=\"660\" height=\"330\" alt=\"\"\/><\/a><\/div>\n<\/div>\n<div class=\" title_suite_2 col col-xs-12 col-lg-12\"> <a href=\"\/article\/1064490-classes-prepas-dernier-delai-ce-dimanche\"\/><span class=\"field-content\">Classes pr\u00e9pas: Dernier d\u00e9lai ce dimanche<\/span><\/div>\n<\/div>\n<\/div>\n<\/div>\n<\/div>\n<\/div>\n<\/div>\n<\/div>\n<p>Auteur: hlafriqi<br \/>\n<a href=\"https:\/\/www.leconomiste.com\/article\/1064489-confinement-accor-hotels-fait-le-bilan-de-ses-actions-de-solidarite\">Cliquez ici pour lire l&rsquo;article depuis sa source.<\/a><\/p>\n","protected":false},"excerpt":{"rendered":"<p>Selon Hamid Bentahar, pr\u00e9sident d\u2019Accor Gestion Maroc, plus de 34.000 nuit\u00e9es ont \u00e9t\u00e9 effectivement consomm\u00e9es par le corps m\u00e9dical et les autorit\u00e9s dans l\u2019ensemble des villes du royaume, sur un total de 50.000 nuit\u00e9es mises \u00e0 disposition. Rappelons que Accor a d\u00e8s le d\u00e9but de l\u2019\u00e9tat d\u2019urgence sanitaire, d\u00fb \u00e0 la Covid-19, montr\u00e9 sa solidarit\u00e9 [&hellip;]<\/p>\n","protected":false},"author":1763,"featured_media":0,"comment_status":"closed","ping_status":"closed","sticky":false,"template":"","format":"standard","meta":{"fifu_image_url":"","fifu_image_alt":"","footnotes":""},"categories":[78,54],"tags":[],"class_list":["post-91755","post","type-post","status-publish","format-standard","hentry","category-economie","category-maroc"],"_links":{"self":[{"href":"https:\/\/linitiative.ca\/International\/wp-json\/wp\/v2\/posts\/91755","targetHints":{"allow":["GET"]}}],"collection":[{"href":"https:\/\/linitiative.ca\/International\/wp-json\/wp\/v2\/posts"}],"about":[{"href":"https:\/\/linitiative.ca\/International\/wp-json\/wp\/v2\/types\/post"}],"author":[{"embeddable":true,"href":"https:\/\/linitiative.ca\/International\/wp-json\/wp\/v2\/users\/1763"}],"replies":[{"embeddable":true,"href":"https:\/\/linitiative.ca\/International\/wp-json\/wp\/v2\/comments?post=91755"}],"version-history":[{"count":0,"href":"https:\/\/linitiative.ca\/International\/wp-json\/wp\/v2\/posts\/91755\/revisions"}],"wp:attachment":[{"href":"https:\/\/linitiative.ca\/International\/wp-json\/wp\/v2\/media?parent=91755"}],"wp:term":[{"taxonomy":"category","embeddable":true,"href":"https:\/\/linitiative.ca\/International\/wp-json\/wp\/v2\/categories?post=91755"},{"taxonomy":"post_tag","embeddable":true,"href":"https:\/\/linitiative.ca\/International\/wp-json\/wp\/v2\/tags?post=91755"}],"curies":[{"name":"wp","href":"https:\/\/api.w.org\/{rel}","templated":true}]}}