{"id":91758,"date":"2020-07-09T06:29:20","date_gmt":"2020-07-09T10:29:20","guid":{"rendered":"https:\/\/linitiative.ca\/International\/elections-laftit-rencontre-les-patrons-des-partis\/"},"modified":"2020-07-09T06:29:20","modified_gmt":"2020-07-09T10:29:20","slug":"elections-laftit-rencontre-les-patrons-des-partis","status":"publish","type":"post","link":"https:\/\/linitiative.ca\/International\/elections-laftit-rencontre-les-patrons-des-partis\/","title":{"rendered":"Elections: Laftit rencontre les patrons des partis"},"content":{"rendered":"<div class=\"body\">\n<div class=\"field field-name-body field-type-text-with-summary field-label-hidden\">\n<div class=\"field-items\" readability=\"10.5\">\n<div class=\"field-item even\" property=\"content:encoded\" readability=\"16\">\n<p class=\"rtejustify\">Une r\u00e9union a \u00e9t\u00e9 tenue, hier mercredi, entre le ministre de l\u2019Int\u00e9rieur Abdelouafi Laftit et les SG des partis politiques. L\u2019objectif est de \u00abbien pr\u00e9parer les prochaines \u00e9ch\u00e9ances \u00e9lectorales\u00bb. Laftit a promis que son d\u00e9partement \u00ab\u0153uvrera pour la r\u00e9ussite du processus \u00e9lectoral, en toute neutralit\u00e9, tant sur le niveau de la pr\u00e9paration des scrutins que de leur tenue\u00bb.<br \/>Les questions relatives au calendrier \u00e9lectoral seront trait\u00e9es en concertation avec les patrons des partis, est-il indiqu\u00e9. Ces derniers sont appel\u00e9s \u00e0 soumettre leurs propositions, en vue de pr\u00e9parer une mouture pr\u00e9liminaire des changements \u00e9ventuels pouvant toucher le syst\u00e8me \u00e9lectoral.<br \/><em>M.A.M. <\/em><\/p>\n<\/div>\n<\/div>\n<\/div>\n<\/div>\n<div class=\"eco-conseil\">\n<div class=\"view view-eco-conseil-16 view-id-eco_conseil_16 view-display-id-cookies view-dom-id-954b26e6c14ec1f04a2c7424e81528f3\">\n<div class=\"view-content\">\n<div id=\"views-bootstrap-grid-1\" class=\"views-bootstrap-grid-plugin-style\">\n<div class=\"row\">\n<div class=\" col-xs-12 col-lg-4\">\n<div class=\"row\">\n<div class=\"col col-xs-12 col-lg-12\">\n<div class=\"field-content\"><a href=\"\/article\/1064491-parcours-international-du-bac-75-de-candidats\"><img loading=\"lazy\" decoding=\"async\" class=\"img-responsive\" typeof=\"foaf:Image\" src=\"https:\/\/www.leconomiste.com\/sites\/default\/files\/eco7\/public\/styles\/800x400\/public\/default_images\/default_une.jpg?itok=4jZlgnIZ\" width=\"660\" height=\"330\" alt=\"\"\/><\/a><\/div>\n<\/div>\n<div class=\" title_suite_2 col col-xs-12 col-lg-12\"> <a href=\"\/article\/1064491-parcours-international-du-bac-75-de-candidats\"\/><span class=\"field-content\">Parcours international du bac: +75% de candidats<\/span><\/div>\n<\/div>\n<\/div>\n<div class=\" col-xs-12 col-lg-4\">\n<div class=\"row\">\n<div class=\"col col-xs-12 col-lg-12\">\n<div class=\"field-content\"><a href=\"\/article\/1064490-classes-prepas-dernier-delai-ce-dimanche\"><img loading=\"lazy\" decoding=\"async\" class=\"img-responsive\" typeof=\"foaf:Image\" src=\"https:\/\/www.leconomiste.com\/sites\/default\/files\/eco7\/public\/styles\/800x400\/public\/default_images\/default_une.jpg?itok=4jZlgnIZ\" width=\"660\" height=\"330\" alt=\"\"\/><\/a><\/div>\n<\/div>\n<div class=\" title_suite_2 col col-xs-12 col-lg-12\"> <a href=\"\/article\/1064490-classes-prepas-dernier-delai-ce-dimanche\"\/><span class=\"field-content\">Classes pr\u00e9pas: Dernier d\u00e9lai ce dimanche<\/span><\/div>\n<\/div>\n<\/div>\n<div class=\" col-xs-12 col-lg-4\">\n<div class=\"row\">\n<div class=\"col col-xs-12 col-lg-12\">\n<div class=\"field-content\"><a href=\"\/article\/1064489-confinement-accor-hotels-fait-le-bilan-de-ses-actions-de-solidarite\"><img loading=\"lazy\" decoding=\"async\" class=\"img-responsive\" typeof=\"foaf:Image\" src=\"https:\/\/www.leconomiste.com\/sites\/default\/files\/eco7\/public\/styles\/800x400\/public\/default_images\/default_une.jpg?itok=4jZlgnIZ\" width=\"660\" height=\"330\" alt=\"\"\/><\/a><\/div>\n<\/div>\n<div class=\" title_suite_2 col col-xs-12 col-lg-12\"> <a href=\"\/article\/1064489-confinement-accor-hotels-fait-le-bilan-de-ses-actions-de-solidarite\"\/><span class=\"field-content\">Confinement: Accor H\u00f4tels fait le bilan de ses actions de solidarit\u00e9<\/span><\/div>\n<\/div>\n<\/div>\n<\/div>\n<\/div>\n<\/div>\n<\/div>\n<\/div>\n<p>Auteur: hlafriqi<br \/>\n<a href=\"https:\/\/www.leconomiste.com\/article\/1064492-elections-laftit-rencontre-les-patrons-des-partis\">Cliquez ici pour lire l&rsquo;article depuis sa source.<\/a><\/p>\n","protected":false},"excerpt":{"rendered":"<p>Une r\u00e9union a \u00e9t\u00e9 tenue, hier mercredi, entre le ministre de l\u2019Int\u00e9rieur Abdelouafi Laftit et les SG des partis politiques. L\u2019objectif est de \u00abbien pr\u00e9parer les prochaines \u00e9ch\u00e9ances \u00e9lectorales\u00bb. Laftit a promis que son d\u00e9partement \u00ab\u0153uvrera pour la r\u00e9ussite du processus \u00e9lectoral, en toute neutralit\u00e9, tant sur le niveau de la pr\u00e9paration des scrutins que [&hellip;]<\/p>\n","protected":false},"author":1763,"featured_media":0,"comment_status":"closed","ping_status":"closed","sticky":false,"template":"","format":"standard","meta":{"fifu_image_url":"","fifu_image_alt":"","footnotes":""},"categories":[78,54],"tags":[],"class_list":["post-91758","post","type-post","status-publish","format-standard","hentry","category-economie","category-maroc"],"_links":{"self":[{"href":"https:\/\/linitiative.ca\/International\/wp-json\/wp\/v2\/posts\/91758","targetHints":{"allow":["GET"]}}],"collection":[{"href":"https:\/\/linitiative.ca\/International\/wp-json\/wp\/v2\/posts"}],"about":[{"href":"https:\/\/linitiative.ca\/International\/wp-json\/wp\/v2\/types\/post"}],"author":[{"embeddable":true,"href":"https:\/\/linitiative.ca\/International\/wp-json\/wp\/v2\/users\/1763"}],"replies":[{"embeddable":true,"href":"https:\/\/linitiative.ca\/International\/wp-json\/wp\/v2\/comments?post=91758"}],"version-history":[{"count":0,"href":"https:\/\/linitiative.ca\/International\/wp-json\/wp\/v2\/posts\/91758\/revisions"}],"wp:attachment":[{"href":"https:\/\/linitiative.ca\/International\/wp-json\/wp\/v2\/media?parent=91758"}],"wp:term":[{"taxonomy":"category","embeddable":true,"href":"https:\/\/linitiative.ca\/International\/wp-json\/wp\/v2\/categories?post=91758"},{"taxonomy":"post_tag","embeddable":true,"href":"https:\/\/linitiative.ca\/International\/wp-json\/wp\/v2\/tags?post=91758"}],"curies":[{"name":"wp","href":"https:\/\/api.w.org\/{rel}","templated":true}]}}