{"id":91760,"date":"2020-07-09T09:08:46","date_gmt":"2020-07-09T13:08:46","guid":{"rendered":"https:\/\/linitiative.ca\/International\/abdelmajid-tlemcani-nest-plus\/"},"modified":"2020-07-09T09:08:46","modified_gmt":"2020-07-09T13:08:46","slug":"abdelmajid-tlemcani-nest-plus","status":"publish","type":"post","link":"https:\/\/linitiative.ca\/International\/abdelmajid-tlemcani-nest-plus\/","title":{"rendered":"Abdelmajid Tlem\u00e7ani n\u2019est plus"},"content":{"rendered":"<p class=\"p1 c3\"><span class=\"c2\">Apr\u00e8s Noureddeine Diwa et Moncef<span class=\"Apple-converted-space\">\u00a0<\/span> Tabka, d\u00e9c\u00e9d\u00e9s , il ya quelques petites semaines, le football tunisien vient de perdre un de ses visages de proue qui ont construit son prestige.<span class=\"Apple-converted-space\">\u00a0<\/span><\/span><\/p>\n<p class=\"p1 c3\"><span class=\"c2\">Il s\u2019agit de <strong>Abdelmajid Tlem\u00e7ani<\/strong> ( p\u00e8re de Zied). L\u2019ex-baroudeur<span class=\"Apple-converted-space\">\u00a0<\/span> du club du Bab Souika<span class=\"Apple-converted-space\">\u00a0<\/span> est d\u00e9c\u00e9d\u00e9<span class=\"Apple-converted-space\">\u00a0<\/span> mardi \u00e0 l\u2019\u00e2ge de 82 ans. L\u2019enterrement<span class=\"Apple-converted-space\">\u00a0<\/span> a eu lieu hier au cimeti\u00e8re du<span class=\"Apple-converted-space\">\u00a0<\/span> Jellaz,<span class=\"Apple-converted-space\">\u00a0<\/span> en pr\u00e9sence d\u2019un grand nombre d\u2019amis et surtout d\u2019anciens sportifs, en guise d\u2019adieu \u00e0 celui qui faisait la terreur aux d\u00e9fenses les plus herm\u00e9riques.<\/span><\/p>\n<p class=\"p1 c3\"><span class=\"c2\">Le d\u00e9funt<span class=\"Apple-converted-space\">\u00a0<\/span> connu pour sa fougue, son hargne et notamment par sa force de frappe,<span class=\"Apple-converted-space\">\u00a0<\/span> d\u00e9tient le record de buts marqu\u00e9s en une seule saison avec 38 r\u00e9alisations durant le championnat 1956\/1957.<\/span><\/p>\n<p class=\"p1 c3\"><span class=\"c2\">De la pers\u00e9v\u00e9rance<span class=\"Apple-converted-space\">\u00a0<\/span> et de la volont\u00e9, le regrett\u00e9 en a, \u00e0 en revendre.<span class=\"Apple-converted-space\">\u00a0<\/span> Ces qualit\u00e9s lui ont permis justement<span class=\"Apple-converted-space\">\u00a0<\/span> dans l\u2019alliance sport et \u00e9tudes, et de mener<span class=\"Apple-converted-space\">\u00a0<\/span> une vie<span class=\"Apple-converted-space\">\u00a0<\/span> en toute qui\u00e9tude. Eu \u00e9gard \u00e0 sa culture, ses profondes connaissances en mati\u00e8re de football, Si Majid<span class=\"Apple-converted-space\">\u00a0<\/span> de par ses conseils et sa maitrise du domaine, aurait pu donner un grand souffle \u00e0 notre football. Malheureusement, les hommes de cette envergure ne sont jamais consult\u00e9s.<\/span><\/p>\n<p class=\"p1 c3\"><span class=\"c2\">Une chose est s\u00fbre, les fans de l\u2019EST qui ont atteint un certain \u00e2ge ,reconnaissent en si Majid, l\u2019homme qui leur a procur\u00e9 des moments de joie inoubliables !<\/span><\/p>\n<p class=\"p2 c4\"><span class=\"c2\"><strong>R.B.A<\/strong><\/span><\/p>\n<p>Auteur: letemps1<br \/>\n<a href=\"http:\/\/www.letemps.com.tn\/article\/115495\/abdelmajid-tlem%C3%A7ani-n%E2%80%99est-plus\">Cliquez ici pour lire l&rsquo;article depuis sa source.<\/a><\/p>\n","protected":false},"excerpt":{"rendered":"<p>Apr\u00e8s Noureddeine Diwa et Moncef\u00a0 Tabka, d\u00e9c\u00e9d\u00e9s , il ya quelques petites semaines, le football tunisien vient de perdre un de ses visages de proue qui ont construit son prestige.\u00a0 Il s\u2019agit de Abdelmajid Tlem\u00e7ani ( p\u00e8re de Zied). L\u2019ex-baroudeur\u00a0 du club du Bab Souika\u00a0 est d\u00e9c\u00e9d\u00e9\u00a0 mardi \u00e0 l\u2019\u00e2ge de 82 ans. L\u2019enterrement\u00a0 a [&hellip;]<\/p>\n","protected":false},"author":1773,"featured_media":0,"comment_status":"closed","ping_status":"closed","sticky":false,"template":"","format":"standard","meta":{"fifu_image_url":"","fifu_image_alt":"","footnotes":""},"categories":[73,55],"tags":[],"class_list":["post-91760","post","type-post","status-publish","format-standard","hentry","category-actualite","category-tunisie"],"_links":{"self":[{"href":"https:\/\/linitiative.ca\/International\/wp-json\/wp\/v2\/posts\/91760","targetHints":{"allow":["GET"]}}],"collection":[{"href":"https:\/\/linitiative.ca\/International\/wp-json\/wp\/v2\/posts"}],"about":[{"href":"https:\/\/linitiative.ca\/International\/wp-json\/wp\/v2\/types\/post"}],"author":[{"embeddable":true,"href":"https:\/\/linitiative.ca\/International\/wp-json\/wp\/v2\/users\/1773"}],"replies":[{"embeddable":true,"href":"https:\/\/linitiative.ca\/International\/wp-json\/wp\/v2\/comments?post=91760"}],"version-history":[{"count":0,"href":"https:\/\/linitiative.ca\/International\/wp-json\/wp\/v2\/posts\/91760\/revisions"}],"wp:attachment":[{"href":"https:\/\/linitiative.ca\/International\/wp-json\/wp\/v2\/media?parent=91760"}],"wp:term":[{"taxonomy":"category","embeddable":true,"href":"https:\/\/linitiative.ca\/International\/wp-json\/wp\/v2\/categories?post=91760"},{"taxonomy":"post_tag","embeddable":true,"href":"https:\/\/linitiative.ca\/International\/wp-json\/wp\/v2\/tags?post=91760"}],"curies":[{"name":"wp","href":"https:\/\/api.w.org\/{rel}","templated":true}]}}