{"id":91763,"date":"2020-07-09T09:10:26","date_gmt":"2020-07-09T13:10:26","guid":{"rendered":"https:\/\/linitiative.ca\/International\/le-zamalek-tient-absolument-a-recoduire-ferjani-sassi\/"},"modified":"2020-07-09T09:10:26","modified_gmt":"2020-07-09T13:10:26","slug":"le-zamalek-tient-absolument-a-recoduire-ferjani-sassi","status":"publish","type":"post","link":"https:\/\/linitiative.ca\/International\/le-zamalek-tient-absolument-a-recoduire-ferjani-sassi\/","title":{"rendered":"Le Zamalek tient absolument,  \u00e0 recoduire Ferjani Sassi"},"content":{"rendered":"<p class=\"p1 c3\"><span class=\"c2\">Le pr\u00e9sident du Zamalek d&rsquo;Egypte, Mortadha Mansour, a indiqu\u00e9 qu&rsquo;il existe une volont\u00e9 commune entre le club et le milieu de terrain tunisien Ferjani Sassi pour le renouvellement du contrat de ce joueur qu&rsquo;on consid\u00e8re \u00ab\u00a0le fils du club\u00a0\u00bb.<\/span><\/p>\n<p class=\"p1 c3\"><span class=\"c2\">Il a ajout\u00e9, sur le site officiel du club, que Zamalek a d\u00e9j\u00e0 paraph\u00e9 deux contrats pour la saison prochaine sur un total de cinq contrats en attendant la d\u00e9cision de l&rsquo;entraineur Patrice Carteron concernant les trois autres recrues.<\/span><\/p>\n<p class=\"p1 c3\"><span class=\"c2\">L&rsquo;international tunisien est sous contrat avec le club zamalkaoui depuis 2018. Son bail court jusqu&rsquo;en 2021.<\/span><\/p>\n<p class=\"p2 c4\">\u00a0<\/p>\n<p class=\"p3 c5\"><span class=\"c2\"><span class=\"Apple-converted-space\">\u00a0<\/span>Un avion sp\u00e9cial <span class=\"Apple-converted-space\">\u00a0<\/span><\/span><\/p>\n<p class=\"p1 c3\"><span class=\"c2\">Les dirigeants et l&rsquo;entra\u00eeneur du Zamalek<span class=\"Apple-converted-space\">\u00a0<\/span> ne cachent plus leurs inqui\u00e9tudes de ne pas pouvoir disposer de leurs joueurs \u00e9trangers, le Tunisien Ferjani Sassi et les deux Marocains Achraf Ben Charki et Mohamed Ennajem soit trois \u00e9l\u00e9ments cl\u00e9s dans le dispositif zamalkaoui qui sont depuis la fermeture des fronti\u00e8res \u00e0 cause de la pand\u00e9mie du coronavirus la fermeture des fronti\u00e8res bloqu\u00e9s dans leur pays respectifs et qui ne pourront pas \u00eatre aujourd&rsquo;hui avec leurs camarades pour entamer la pr\u00e9paration de la reprise du championnat et surtout la phase finale de la Ligue des Champions o\u00f9 la &lsquo;Citadelle Blanche&rsquo; aura \u00e0 affronter, en demi-finale, le Raja Casablanca.<span class=\"Apple-converted-space\">\u00a0<\/span><\/span><\/p>\n<p class=\"p1 c3\"><span class=\"c2\">Face \u00e0 cette situation et au cas o\u00f9 les relations a\u00e9riennes entre l&rsquo;Egypte, le Maroc et la Tunisie ne seront pas r\u00e9tablies dans les tout prochains, une \u00e9ventualit\u00e9 difficilement envisageable du reste, vu la situation difficile de la pand\u00e9mie en Egypte, Zamalek n&rsquo;\u00e9carterait pas la possibilit\u00e9 d&rsquo;assurer un vol sp\u00e9cial sur la Tunisie et le Maroc pour la r\u00e9cup\u00e9ration de ses trois joueurs et, \u00e9ventuellement,<span class=\"Apple-converted-space\">\u00a0<\/span> de sa nouvelle recrue, Hamza Methlouthi.<span class=\"Apple-converted-space\">\u00a0 \u00a0 \u00a0<\/span><\/span><\/p>\n<p class=\"p4 c6\"><span class=\"c2\">Ameur KERKENNI<\/span><\/p>\n<p>Auteur: letemps1<br \/>\n<a href=\"http:\/\/www.letemps.com.tn\/article\/115497\/le-zamalek-tient-absolument-%C3%A0-recoduire-ferjani-sassi\">Cliquez ici pour lire l&rsquo;article depuis sa source.<\/a><\/p>\n","protected":false},"excerpt":{"rendered":"<p>Le pr\u00e9sident du Zamalek d&rsquo;Egypte, Mortadha Mansour, a indiqu\u00e9 qu&rsquo;il existe une volont\u00e9 commune entre le club et le milieu de terrain tunisien Ferjani Sassi pour le renouvellement du contrat de ce joueur qu&rsquo;on consid\u00e8re \u00ab\u00a0le fils du club\u00a0\u00bb. Il a ajout\u00e9, sur le site officiel du club, que Zamalek a d\u00e9j\u00e0 paraph\u00e9 deux contrats [&hellip;]<\/p>\n","protected":false},"author":1773,"featured_media":0,"comment_status":"closed","ping_status":"closed","sticky":false,"template":"","format":"standard","meta":{"fifu_image_url":"","fifu_image_alt":"","footnotes":""},"categories":[73,55],"tags":[],"class_list":["post-91763","post","type-post","status-publish","format-standard","hentry","category-actualite","category-tunisie"],"_links":{"self":[{"href":"https:\/\/linitiative.ca\/International\/wp-json\/wp\/v2\/posts\/91763","targetHints":{"allow":["GET"]}}],"collection":[{"href":"https:\/\/linitiative.ca\/International\/wp-json\/wp\/v2\/posts"}],"about":[{"href":"https:\/\/linitiative.ca\/International\/wp-json\/wp\/v2\/types\/post"}],"author":[{"embeddable":true,"href":"https:\/\/linitiative.ca\/International\/wp-json\/wp\/v2\/users\/1773"}],"replies":[{"embeddable":true,"href":"https:\/\/linitiative.ca\/International\/wp-json\/wp\/v2\/comments?post=91763"}],"version-history":[{"count":0,"href":"https:\/\/linitiative.ca\/International\/wp-json\/wp\/v2\/posts\/91763\/revisions"}],"wp:attachment":[{"href":"https:\/\/linitiative.ca\/International\/wp-json\/wp\/v2\/media?parent=91763"}],"wp:term":[{"taxonomy":"category","embeddable":true,"href":"https:\/\/linitiative.ca\/International\/wp-json\/wp\/v2\/categories?post=91763"},{"taxonomy":"post_tag","embeddable":true,"href":"https:\/\/linitiative.ca\/International\/wp-json\/wp\/v2\/tags?post=91763"}],"curies":[{"name":"wp","href":"https:\/\/api.w.org\/{rel}","templated":true}]}}