{"id":91764,"date":"2020-07-09T09:11:07","date_gmt":"2020-07-09T13:11:07","guid":{"rendered":"https:\/\/linitiative.ca\/International\/lassaad-dridi-prolonge-dune-annee\/"},"modified":"2020-07-09T09:11:07","modified_gmt":"2020-07-09T13:11:07","slug":"lassaad-dridi-prolonge-dune-annee","status":"publish","type":"post","link":"https:\/\/linitiative.ca\/International\/lassaad-dridi-prolonge-dune-annee\/","title":{"rendered":"Lass\u00e2ad Dridi, prolonge d\u2019une ann\u00e9e"},"content":{"rendered":"<p class=\"p1 c3\"><span class=\"c2\">Le Club Africain est \u00e0 pied d\u2019\u0153uvre depuis lundi, journ\u00e9e au cours de laquelle les prot\u00e9g\u00e9s de Lass\u00e2ad Dridi se sont content\u00e9s d\u2019une seule s\u00e9ance d\u2019entrainement avant de reprendre avec le r\u00e9gime de la double s\u00e9ance. On n\u2019oubliera pas de rappeler que depuis qu\u2019ils ont quitt\u00e9 le lieu du stage, les Chammakhi, Zemzemi et Jaziri brillent toujours par leur absence. Autre absences remarqu\u00e9es, celle de Oueslati et Sahli. Ce dernier est toujours en France pr\u00e9textant une blessure qui n\u00e9cessite sa permanence en France. Quant \u00e0 Oueslati, il n\u2019a pas repris les entrainements pour les m\u00eames raisons. Ce dernier risque fort de se retrouver hors-circuit d\u2019autant plus qu\u2019il n\u2019a pas jou\u00e9 un seul match depuis son arriv\u00e9e au parc A et il ne peut \u00eatre pr\u00eat, physiquement , le jour de la reprise.<\/span><\/p>\n<p class=\"p2 c4\">\u00a0<\/p>\n<p class=\"p3 c5\"><span class=\"c2\">Dridi, seule certitude<\/span><\/p>\n<p class=\"p1 c3\"><span class=\"c2\">Le contrat de Lass\u00e2ad Dridi a \u00e9t\u00e9 prolong\u00e9 d\u2019une ann\u00e9e. C\u2019est le pr\u00e9sident Abdessalem El Younsi qui l\u2019a annonc\u00e9 et le technicien clubiste constitue la seule certitude Club Africain. Il a eu plusieurs offres en Tunisie et \u00e0 l\u2019\u00e9tranger et il n\u2019a jamais manifest\u00e9 le d\u00e9sir de quitter le navire. Fid\u00e8le, Dridi a eu \u00e0 assurer plusieurs r\u00f4les pour que le bateau ne coule pas. Pourvu que le prochain bureau directeur ne d\u00e9cide pas d\u2019\u00e9courter son aventure \u00e0 la t\u00eate du CA. En Tunisie et au Club Africain de ces derni\u00e8res ann\u00e9es, il faut s\u2019attendre \u00e0 tout.<\/span><\/p>\n<p class=\"p2 c4\">\u00a0<\/p>\n<p class=\"p3 c5\"><span class=\"c2\">La m\u00eame rengaine<\/span><\/p>\n<p class=\"p1 c3\"><span class=\"c2\">Au CA, la tendance est de plus en plus belliqueuse. On s\u2019entred\u00e9chire en essayant de justifier ce qui a \u00e9t\u00e9 fait et pour faire porter le chapeau aux autres. On a beau dire que ces coups bas ne servent pas les int\u00e9r\u00eats du club, rien n\u2019y fait.<span class=\"Apple-converted-space\">\u00a0<\/span><\/span><\/p>\n<p class=\"p1 c3\"><span class=\"c2\">Tant\u00f4t, c\u2019est Ali Aloulou, tant\u00f4t c\u2019est Abdessalem El Younsi , qui montent au cr\u00e9neau pour s\u2019accuser mutuellement d\u2019\u00eatre en partie \u00e0 l\u2019origine des maux du club. Abdessalem El Younsi a fustig\u00e9 Marou\u00e8ne Hammoudia au cours de sa derni\u00e8re interview accord\u00e9e \u00e0 une chaine de t\u00e9l\u00e9vision priv\u00e9e. Le pr\u00e9sident sortant a m\u00eame annonc\u00e9 qu\u2019il comptait porter tout \u00e7a devant la justice d\u00e8s la fin de son mandat ,reprochant \u00e0 Hammoudia , d\u2019avoir tra\u00een\u00e9 devant la justice un pr\u00e9sident du CA. Allez comprendre\u2026<\/span><\/p>\n<p class=\"p1 c3\"><span class=\"c2\">Ce que les responsables clubistes, anciens et actuels, n\u2019ont pas compris, c\u2019est que cela n\u2019int\u00e9resse plus les supporters. Ils ne veulent plus savoir qui a fait quoi. Tout ce qu\u2019ils veulent, c\u2019est un responsable capable de sortir le club du gouffre.<span class=\"Apple-converted-space\">\u00a0<\/span><\/span><\/p>\n<p class=\"p2 c4\">\u00a0<\/p>\n<p class=\"p3 c5\"><span class=\"c2\">Qu\u2019en est-il<span class=\"Apple-converted-space\">\u00a0<\/span><\/span><\/p>\n<p class=\"p3 c5\"><span class=\"c2\">des candidatures ?<span class=\"Apple-converted-space\">\u00a0<\/span><\/span><\/p>\n<p class=\"p1 c3\"><span class=\"c2\">Depuis l\u2019annonce de la date de la prochaine assembl\u00e9e g\u00e9n\u00e9rale \u00e9lective<span class=\"Apple-converted-space\">\u00a0<\/span> , on a entendu parler de plusieurs candidats \u00e0 la pr\u00e9sidence du CA. Il a \u00e9t\u00e9 question de Slim Riahi, puis de Marou\u00e8ne Hammaoudia, Mounir Balti, Kamel Iddir, Marou\u00e8ne Mabrouk, Mehdi Gharbi, Mohamed Ali Boughdiri, voire le m\u00eame Abdessalerm El Younsi qui pour l\u2019heure, est encore le seul ma\u00eetre \u00e0 bord et si aucune candidature n\u2019est retenue, il le sera pour encore quelques temps, d\u2019autant plus que la date butoir pour le d\u00e9p\u00f4t des candidatures approche \u00e0 pas de g\u00e9ant. Les prochains jours seront certainement plus \u00e9difiants.<\/span><\/p>\n<p class=\"p2 c4\">\u00a0<\/p>\n<p class=\"p3 c5\"><span class=\"c2\">Boughdiri s\u2019active<\/span><\/p>\n<p class=\"p1 c3\"><span class=\"c2\">Aux derni\u00e8res nouvelles, et en attendant la confirmation, Mohamed Ali Boughdiri serait le favori des prochaines \u00e9lections. Et pour cause, puisque plusieurs centaines des cartes d\u2019adh\u00e9rents acquises au cours de ces derni\u00e8res heures, l\u2019ont \u00e9t\u00e9 par d\u2019\u00e9ventuels partisans de ce dernier. On s\u2019active pour en savoir plus et pour faire en sorte que ces \u00e9lections ne soient pas truqu\u00e9es et se passent dans les meilleures conditions, mais vraisemblablement , par les temps qui courent, c\u2019est de plus en plus difficile, voire impossible. En ce qui concerne le nombre de cartes vendues, elles sont un peu plus de mille.<\/span><\/p>\n<p class=\"p4 c6\"><strong><span class=\"c2\">Mourad AYARI<\/span><\/strong><\/p>\n<p>Auteur: letemps1<br \/>\n<a href=\"http:\/\/www.letemps.com.tn\/article\/115498\/lass%C3%A2ad-dridi-prolonge-d%E2%80%99une-ann%C3%A9e\">Cliquez ici pour lire l&rsquo;article depuis sa source.<\/a><\/p>\n","protected":false},"excerpt":{"rendered":"<p>Le Club Africain est \u00e0 pied d\u2019\u0153uvre depuis lundi, journ\u00e9e au cours de laquelle les prot\u00e9g\u00e9s de Lass\u00e2ad Dridi se sont content\u00e9s d\u2019une seule s\u00e9ance d\u2019entrainement avant de reprendre avec le r\u00e9gime de la double s\u00e9ance. On n\u2019oubliera pas de rappeler que depuis qu\u2019ils ont quitt\u00e9 le lieu du stage, les Chammakhi, Zemzemi et Jaziri [&hellip;]<\/p>\n","protected":false},"author":1773,"featured_media":0,"comment_status":"closed","ping_status":"closed","sticky":false,"template":"","format":"standard","meta":{"fifu_image_url":"","fifu_image_alt":"","footnotes":""},"categories":[73,55],"tags":[],"class_list":["post-91764","post","type-post","status-publish","format-standard","hentry","category-actualite","category-tunisie"],"_links":{"self":[{"href":"https:\/\/linitiative.ca\/International\/wp-json\/wp\/v2\/posts\/91764","targetHints":{"allow":["GET"]}}],"collection":[{"href":"https:\/\/linitiative.ca\/International\/wp-json\/wp\/v2\/posts"}],"about":[{"href":"https:\/\/linitiative.ca\/International\/wp-json\/wp\/v2\/types\/post"}],"author":[{"embeddable":true,"href":"https:\/\/linitiative.ca\/International\/wp-json\/wp\/v2\/users\/1773"}],"replies":[{"embeddable":true,"href":"https:\/\/linitiative.ca\/International\/wp-json\/wp\/v2\/comments?post=91764"}],"version-history":[{"count":0,"href":"https:\/\/linitiative.ca\/International\/wp-json\/wp\/v2\/posts\/91764\/revisions"}],"wp:attachment":[{"href":"https:\/\/linitiative.ca\/International\/wp-json\/wp\/v2\/media?parent=91764"}],"wp:term":[{"taxonomy":"category","embeddable":true,"href":"https:\/\/linitiative.ca\/International\/wp-json\/wp\/v2\/categories?post=91764"},{"taxonomy":"post_tag","embeddable":true,"href":"https:\/\/linitiative.ca\/International\/wp-json\/wp\/v2\/tags?post=91764"}],"curies":[{"name":"wp","href":"https:\/\/api.w.org\/{rel}","templated":true}]}}