{"id":91767,"date":"2020-07-09T15:13:15","date_gmt":"2020-07-09T19:13:15","guid":{"rendered":"https:\/\/linitiative.ca\/International\/international-liverpool-salah-trop-egoiste\/"},"modified":"2020-07-09T15:13:15","modified_gmt":"2020-07-09T19:13:15","slug":"international-liverpool-salah-trop-egoiste","status":"publish","type":"post","link":"https:\/\/linitiative.ca\/International\/international-liverpool-salah-trop-egoiste\/","title":{"rendered":"International : Liverpool: Salah trop \u00e9go\u00efste ?"},"content":{"rendered":"<div readability=\"32\">\n<p>Auteur : <span class=\"time\">jeudi 09 juillet 2020 14:14<\/span><\/p>\n<\/div>\n<div id=\"post_core\" readability=\"49\">\n<p>Pas tendre avec Divock Origi cette semaine, Graeme Souness s&rsquo;en prend cette fois \u00e0 Mohamed Salah. Au micro de Sky Sports, l&rsquo;ancienne l\u00e9gende de Liverpool a point\u00e9 du doigt un exc\u00e8s individualisme de l&rsquo;attaquant \u00e9gyptien apr\u00e8s son doubl\u00e9 contre Brighton (3-1), mercredi: \u00ab\u00a0Il \u00e9tait \u00e9go\u00efste , n&rsquo;est-ce pas ?, fait remarquer Souness dans des propos relay\u00e9s par RMC. C&rsquo;est important pour lui, vous voyez sa r\u00e9action quand ses co\u00e9quipiers ne le trouvaient pas en fin de match. Il tirait \u00e0 chaque occasion, ses co\u00e9quipiers n&rsquo;ont pas \u00e9t\u00e9 ravis \u00e0 deux ou trois reprises. Ce soir, il a \u00e9t\u00e9 \u00e9go\u00efste, mais c&rsquo;est parce qu&rsquo;il veut ce Soulier d&rsquo;or. Ils ont remport\u00e9 le titre de champion, il a fait sa part et il pense que c&rsquo;est l\u00e0 pour lui. Man\u00e9 s&rsquo;est brouill\u00e9 avec lui dans le pass\u00e9 en cause d&rsquo;occasions o\u00f9 il estime qu&rsquo;il aurait d\u00fb lui passer le ballon. Tous les buteurs sont parfois gourmands, mais je pense que, lui, atteint un autre niveau.\u00a0\u00bb Oubli\u00e9 par Salah sur plusieurs actions lors d&rsquo;un match contre Burnley (3-0), Sadio Man\u00e9 s&rsquo;\u00e9tait effectivement agac\u00e9 du comportement de son co\u00e9quipier en d\u00e9but de saison rapporte Maxifoot.fr.<\/p>\n<p><strong>Publi\u00e9 dans :<\/strong> <span>salah<\/span><\/p>\n<\/div>\n<p>Auteur:<br \/>\n<a href=\"http:\/\/www.lebuteur.com\/article\/detail?titre=liverpool-salah-trop-egoiste&#038;id=96539&#038;utm_source=feedburner&#038;utm_medium=feed&#038;utm_campaign=Feed%3A+GalerieFArtciles+%28Les+derniers+articles++-+lebuteur.com%29\">Cliquez ici pour lire l&rsquo;article depuis sa source.<\/a><\/p>\n","protected":false},"excerpt":{"rendered":"<p>Auteur : jeudi 09 juillet 2020 14:14 Pas tendre avec Divock Origi cette semaine, Graeme Souness s&rsquo;en prend cette fois \u00e0 Mohamed Salah. Au micro de Sky Sports, l&rsquo;ancienne l\u00e9gende de Liverpool a point\u00e9 du doigt un exc\u00e8s individualisme de l&rsquo;attaquant \u00e9gyptien apr\u00e8s son doubl\u00e9 contre Brighton (3-1), mercredi: \u00ab\u00a0Il \u00e9tait \u00e9go\u00efste , n&rsquo;est-ce pas [&hellip;]<\/p>\n","protected":false},"author":1738,"featured_media":91768,"comment_status":"closed","ping_status":"closed","sticky":false,"template":"","format":"standard","meta":{"fifu_image_url":"","fifu_image_alt":"","footnotes":""},"categories":[53,75],"tags":[],"class_list":["post-91767","post","type-post","status-publish","format-standard","has-post-thumbnail","hentry","category-algerie","category-sport"],"_links":{"self":[{"href":"https:\/\/linitiative.ca\/International\/wp-json\/wp\/v2\/posts\/91767","targetHints":{"allow":["GET"]}}],"collection":[{"href":"https:\/\/linitiative.ca\/International\/wp-json\/wp\/v2\/posts"}],"about":[{"href":"https:\/\/linitiative.ca\/International\/wp-json\/wp\/v2\/types\/post"}],"author":[{"embeddable":true,"href":"https:\/\/linitiative.ca\/International\/wp-json\/wp\/v2\/users\/1738"}],"replies":[{"embeddable":true,"href":"https:\/\/linitiative.ca\/International\/wp-json\/wp\/v2\/comments?post=91767"}],"version-history":[{"count":0,"href":"https:\/\/linitiative.ca\/International\/wp-json\/wp\/v2\/posts\/91767\/revisions"}],"wp:featuredmedia":[{"embeddable":true,"href":"https:\/\/linitiative.ca\/International\/wp-json\/"}],"wp:attachment":[{"href":"https:\/\/linitiative.ca\/International\/wp-json\/wp\/v2\/media?parent=91767"}],"wp:term":[{"taxonomy":"category","embeddable":true,"href":"https:\/\/linitiative.ca\/International\/wp-json\/wp\/v2\/categories?post=91767"},{"taxonomy":"post_tag","embeddable":true,"href":"https:\/\/linitiative.ca\/International\/wp-json\/wp\/v2\/tags?post=91767"}],"curies":[{"name":"wp","href":"https:\/\/api.w.org\/{rel}","templated":true}]}}