{"id":91769,"date":"2020-07-09T15:13:17","date_gmt":"2020-07-09T19:13:17","guid":{"rendered":"https:\/\/linitiative.ca\/International\/international-real-madrid-zidane-repond-sur-lavenir-de-quatre-joueurs\/"},"modified":"2020-07-09T15:13:17","modified_gmt":"2020-07-09T19:13:17","slug":"international-real-madrid-zidane-repond-sur-lavenir-de-quatre-joueurs","status":"publish","type":"post","link":"https:\/\/linitiative.ca\/International\/international-real-madrid-zidane-repond-sur-lavenir-de-quatre-joueurs\/","title":{"rendered":"International : Real Madrid: Zidane r\u00e9pond sur l&rsquo;avenir de quatre joueurs"},"content":{"rendered":"<div readability=\"32\">\n<p>Auteur : <span class=\"time\">jeudi 09 juillet 2020 14:19<\/span><\/p>\n<\/div>\n<div id=\"post_core\" readability=\"42\">\n<p>Avant la r\u00e9ception du Deportivo Alav\u00e9s, vendredi soir \u00e0 l&rsquo;occasion de la 35e journ\u00e9e de Liga, Zinedine Zidane a \u00e9t\u00e9 questionn\u00e9 par les journalistes sur la situation de quatre de ses joueurs. Invit\u00e9 \u00e0 s&rsquo;exprimer sur l&rsquo;avenir du d\u00e9fenseur espagnol Sergio Ramos (34 ans), du milieu croate Luka Modric (34 ans), du milieu colombien James Rodriguez (28 ans) et l&rsquo;ailier espagnol Lucas Vazquez (29 ans), tous li\u00e9s jusqu&rsquo;en juin 2021 avec la Maison Blanche, le technicien fran\u00e7ais n&rsquo;a pas souhait\u00e9 s&rsquo;\u00e9tendre sur la teneur des n\u00e9gociations avec la direction. \u00ab\u00a0La question est tr\u00e8s bonne, mais je ne peux pas parler de ceux qui sont discut\u00e9s en interne. Il y a quatre joueurs qui terminent le contrat et nous le savons tous. Mais les discussions restent \u00e0 l&rsquo;int\u00e9rieur et nous verrons ce qui se passe \u00e0 la fin de la saison.\u00a0\u00bbrapporte Topmercato.com.<\/p>\n<p><strong>Publi\u00e9 dans :<\/strong> <span>Zidane<\/span><\/p>\n<\/div>\n<p>Auteur:<br \/>\n<a href=\"http:\/\/www.lebuteur.com\/article\/detail?titre=real-madrid-zidane-repond-sur-lavenir-de-quatre-joueurs&#038;id=96540&#038;utm_source=feedburner&#038;utm_medium=feed&#038;utm_campaign=Feed%3A+GalerieFArtciles+%28Les+derniers+articles++-+lebuteur.com%29\">Cliquez ici pour lire l&rsquo;article depuis sa source.<\/a><\/p>\n","protected":false},"excerpt":{"rendered":"<p>Auteur : jeudi 09 juillet 2020 14:19 Avant la r\u00e9ception du Deportivo Alav\u00e9s, vendredi soir \u00e0 l&rsquo;occasion de la 35e journ\u00e9e de Liga, Zinedine Zidane a \u00e9t\u00e9 questionn\u00e9 par les journalistes sur la situation de quatre de ses joueurs. Invit\u00e9 \u00e0 s&rsquo;exprimer sur l&rsquo;avenir du d\u00e9fenseur espagnol Sergio Ramos (34 ans), du milieu croate Luka [&hellip;]<\/p>\n","protected":false},"author":1738,"featured_media":91770,"comment_status":"closed","ping_status":"closed","sticky":false,"template":"","format":"standard","meta":{"fifu_image_url":"","fifu_image_alt":"","footnotes":""},"categories":[53,75],"tags":[],"class_list":["post-91769","post","type-post","status-publish","format-standard","has-post-thumbnail","hentry","category-algerie","category-sport"],"_links":{"self":[{"href":"https:\/\/linitiative.ca\/International\/wp-json\/wp\/v2\/posts\/91769","targetHints":{"allow":["GET"]}}],"collection":[{"href":"https:\/\/linitiative.ca\/International\/wp-json\/wp\/v2\/posts"}],"about":[{"href":"https:\/\/linitiative.ca\/International\/wp-json\/wp\/v2\/types\/post"}],"author":[{"embeddable":true,"href":"https:\/\/linitiative.ca\/International\/wp-json\/wp\/v2\/users\/1738"}],"replies":[{"embeddable":true,"href":"https:\/\/linitiative.ca\/International\/wp-json\/wp\/v2\/comments?post=91769"}],"version-history":[{"count":0,"href":"https:\/\/linitiative.ca\/International\/wp-json\/wp\/v2\/posts\/91769\/revisions"}],"wp:featuredmedia":[{"embeddable":true,"href":"https:\/\/linitiative.ca\/International\/wp-json\/"}],"wp:attachment":[{"href":"https:\/\/linitiative.ca\/International\/wp-json\/wp\/v2\/media?parent=91769"}],"wp:term":[{"taxonomy":"category","embeddable":true,"href":"https:\/\/linitiative.ca\/International\/wp-json\/wp\/v2\/categories?post=91769"},{"taxonomy":"post_tag","embeddable":true,"href":"https:\/\/linitiative.ca\/International\/wp-json\/wp\/v2\/tags?post=91769"}],"curies":[{"name":"wp","href":"https:\/\/api.w.org\/{rel}","templated":true}]}}