{"id":91771,"date":"2020-07-09T15:13:19","date_gmt":"2020-07-09T19:13:19","guid":{"rendered":"https:\/\/linitiative.ca\/International\/ligue-1-le-mjs-dit-non-pour-le-moment\/"},"modified":"2020-07-09T15:13:19","modified_gmt":"2020-07-09T19:13:19","slug":"ligue-1-le-mjs-dit-non-pour-le-moment","status":"publish","type":"post","link":"https:\/\/linitiative.ca\/International\/ligue-1-le-mjs-dit-non-pour-le-moment\/","title":{"rendered":"Ligue 1 &amp; 2 : Reprise des comp\u00e9titions; le MJS dit non pour le moment"},"content":{"rendered":"<div readability=\"32\">\n<p>Auteur : <span>Riad O<\/span> <span class=\"time\">jeudi 09 juillet 2020 14:57<\/span><\/p>\n<\/div>\n<div id=\"post_core\" readability=\"38\">\n<p>Dans un communiqu\u00e9 rendu public ce jeudi, le minist\u00e8re de la Jeunesse et des sports a rendu son verdict concernant la reprise des entra\u00eenements et des comp\u00e9titions sportives. Pour ce qui est de la reprise des comp\u00e9titions sportives\u00a0:\u00a0\u00abil a \u00e9t\u00e9 d\u00e9cid\u00e9 de na pas autoriser pour le moment, la reprise des comp\u00e9titions.\u00bb lit-on sur ce communiqu\u00e9. Concernant la reprise des entra\u00eenements, le MJS a expliqu\u00e9 que\u00a0\u00abla reprise des entra\u00eenements sportifs avec le strict respect des mesures de protection g\u00e9n\u00e9rale et sp\u00e9cifique propres \u00e0 chaque discipline concerne dans un premier temps\u00a0 que les athl\u00e8tes qualifi\u00e9s ou qualifiables pour les jeux olympiques de Tokyo de 2021.\u00bb<\/p>\n<p><strong>Publi\u00e9 dans :<\/strong> <span>MJS<\/span><\/p>\n<\/div>\n<p>Auteur:<br \/>\n<a href=\"http:\/\/www.lebuteur.com\/article\/detail?titre=reprise-des-competitions-le-mjs-dit-non-pour-le-moment&#038;id=96541&#038;utm_source=feedburner&#038;utm_medium=feed&#038;utm_campaign=Feed%3A+GalerieFArtciles+%28Les+derniers+articles++-+lebuteur.com%29\">Cliquez ici pour lire l&rsquo;article depuis sa source.<\/a><\/p>\n","protected":false},"excerpt":{"rendered":"<p>Auteur : Riad O jeudi 09 juillet 2020 14:57 Dans un communiqu\u00e9 rendu public ce jeudi, le minist\u00e8re de la Jeunesse et des sports a rendu son verdict concernant la reprise des entra\u00eenements et des comp\u00e9titions sportives. Pour ce qui est de la reprise des comp\u00e9titions sportives\u00a0:\u00a0\u00abil a \u00e9t\u00e9 d\u00e9cid\u00e9 de na pas autoriser pour [&hellip;]<\/p>\n","protected":false},"author":1738,"featured_media":91772,"comment_status":"closed","ping_status":"closed","sticky":false,"template":"","format":"standard","meta":{"fifu_image_url":"","fifu_image_alt":"","footnotes":""},"categories":[53,75],"tags":[],"class_list":["post-91771","post","type-post","status-publish","format-standard","has-post-thumbnail","hentry","category-algerie","category-sport"],"_links":{"self":[{"href":"https:\/\/linitiative.ca\/International\/wp-json\/wp\/v2\/posts\/91771","targetHints":{"allow":["GET"]}}],"collection":[{"href":"https:\/\/linitiative.ca\/International\/wp-json\/wp\/v2\/posts"}],"about":[{"href":"https:\/\/linitiative.ca\/International\/wp-json\/wp\/v2\/types\/post"}],"author":[{"embeddable":true,"href":"https:\/\/linitiative.ca\/International\/wp-json\/wp\/v2\/users\/1738"}],"replies":[{"embeddable":true,"href":"https:\/\/linitiative.ca\/International\/wp-json\/wp\/v2\/comments?post=91771"}],"version-history":[{"count":0,"href":"https:\/\/linitiative.ca\/International\/wp-json\/wp\/v2\/posts\/91771\/revisions"}],"wp:featuredmedia":[{"embeddable":true,"href":"https:\/\/linitiative.ca\/International\/wp-json\/"}],"wp:attachment":[{"href":"https:\/\/linitiative.ca\/International\/wp-json\/wp\/v2\/media?parent=91771"}],"wp:term":[{"taxonomy":"category","embeddable":true,"href":"https:\/\/linitiative.ca\/International\/wp-json\/wp\/v2\/categories?post=91771"},{"taxonomy":"post_tag","embeddable":true,"href":"https:\/\/linitiative.ca\/International\/wp-json\/wp\/v2\/tags?post=91771"}],"curies":[{"name":"wp","href":"https:\/\/api.w.org\/{rel}","templated":true}]}}