{"id":91777,"date":"2020-07-09T09:30:00","date_gmt":"2020-07-09T13:30:00","guid":{"rendered":"https:\/\/linitiative.ca\/International\/le-president-tebboune-nomme-le-general-major-omar-tlemsani-commandant-de-la-4eme-region-militaire\/"},"modified":"2020-07-09T09:30:00","modified_gmt":"2020-07-09T13:30:00","slug":"le-president-tebboune-nomme-le-general-major-omar-tlemsani-commandant-de-la-4eme-region-militaire","status":"publish","type":"post","link":"https:\/\/linitiative.ca\/International\/le-president-tebboune-nomme-le-general-major-omar-tlemsani-commandant-de-la-4eme-region-militaire\/","title":{"rendered":"Le Pr\u00e9sident Tebboune nomme le g\u00e9n\u00e9ral-major Omar Tlemsani, commandant de la 4\u00e8me r\u00e9gion militaire"},"content":{"rendered":"<div class=\"TxArtcile\">\n<div class=\"ImgCapt\"><img loading=\"lazy\" decoding=\"async\" width=\"208\" height=\"208\" src=\"http:\/\/www.elmoudjahid.com\/temp\/fr\/actualite2[156084].jpg\" alt=\"\"\/><span>D.R<\/span><\/div>\n<div id=\"text_article\">\n<div>\n<article about=\"\/news\/fr\/article\/20200709\/195986.html\" id=\"node-195986\" typeof=\"sioc:Item foaf:Document\" readability=\"3.5\">\n<div readability=\"12\">\n<p>\u00ab\u00a0Le Pr\u00e9sident de la R\u00e9publique, chef supr\u00eame des forces arm\u00e9es, ministre de la D\u00e9fense nationale a \u00e9galement sign\u00e9 un d\u00e9cret mettant fin aux fonctions du g\u00e9n\u00e9ral-major Omar Tlemsani en qualit\u00e9 de chef d&rsquo;Etat-major des forces terrestres de l&rsquo;ANP\u00a0\u00bb, a ajout\u00e9 la m\u00eame source.<\/p>\n<p>APS<br \/>.<\/p>\n<\/div>\n<\/article>\n<\/div>\n<\/div>\n<\/div>\n<div class=\"ModliArtilUne\">\n<ul>\n<li><strong>Publi\u00e9 dans :<\/strong><\/li>\n<\/ul>\n<\/div>\n<div class=\"MbComIns\" id=\"newcom\" readability=\"5.6940298507463\">\n<h6>DONNEZ VOTRE AVIS<\/h6>\n<p>Il n&rsquo;y a actuellement aucune r\u00e9action \u00e0 cette information. Soyez le premier \u00e0 r\u00e9agir !<\/p>\n<p><a href=\"\" rel=\"#popup\" class=\"login resetbutton\">Identifiez-vous<\/a><a class=\"button\" href=\"http:\/\/www.elmoudjahid.com\/fr\/inscription\/\"><span>S&rsquo;inscrire<\/span><\/a><\/p>\n<\/div>\n<p>Auteur: elmoudjahid<br \/>\n<a href=\"http:\/\/www.elmoudjahid.com\/fr\/actualites\/156084\">Cliquez ici pour lire l&rsquo;article depuis sa source.<\/a><\/p>\n","protected":false},"excerpt":{"rendered":"<p>D.R \u00ab\u00a0Le Pr\u00e9sident de la R\u00e9publique, chef supr\u00eame des forces arm\u00e9es, ministre de la D\u00e9fense nationale a \u00e9galement sign\u00e9 un d\u00e9cret mettant fin aux fonctions du g\u00e9n\u00e9ral-major Omar Tlemsani en qualit\u00e9 de chef d&rsquo;Etat-major des forces terrestres de l&rsquo;ANP\u00a0\u00bb, a ajout\u00e9 la m\u00eame source. APS. Publi\u00e9 dans : DONNEZ VOTRE AVIS Il n&rsquo;y a actuellement [&hellip;]<\/p>\n","protected":false},"author":1744,"featured_media":91778,"comment_status":"closed","ping_status":"closed","sticky":false,"template":"","format":"standard","meta":{"fifu_image_url":"","fifu_image_alt":"","footnotes":""},"categories":[73,53],"tags":[],"class_list":["post-91777","post","type-post","status-publish","format-standard","has-post-thumbnail","hentry","category-actualite","category-algerie"],"_links":{"self":[{"href":"https:\/\/linitiative.ca\/International\/wp-json\/wp\/v2\/posts\/91777","targetHints":{"allow":["GET"]}}],"collection":[{"href":"https:\/\/linitiative.ca\/International\/wp-json\/wp\/v2\/posts"}],"about":[{"href":"https:\/\/linitiative.ca\/International\/wp-json\/wp\/v2\/types\/post"}],"author":[{"embeddable":true,"href":"https:\/\/linitiative.ca\/International\/wp-json\/wp\/v2\/users\/1744"}],"replies":[{"embeddable":true,"href":"https:\/\/linitiative.ca\/International\/wp-json\/wp\/v2\/comments?post=91777"}],"version-history":[{"count":0,"href":"https:\/\/linitiative.ca\/International\/wp-json\/wp\/v2\/posts\/91777\/revisions"}],"wp:featuredmedia":[{"embeddable":true,"href":"https:\/\/linitiative.ca\/International\/wp-json\/"}],"wp:attachment":[{"href":"https:\/\/linitiative.ca\/International\/wp-json\/wp\/v2\/media?parent=91777"}],"wp:term":[{"taxonomy":"category","embeddable":true,"href":"https:\/\/linitiative.ca\/International\/wp-json\/wp\/v2\/categories?post=91777"},{"taxonomy":"post_tag","embeddable":true,"href":"https:\/\/linitiative.ca\/International\/wp-json\/wp\/v2\/tags?post=91777"}],"curies":[{"name":"wp","href":"https:\/\/api.w.org\/{rel}","templated":true}]}}