{"id":91779,"date":"2020-07-09T08:00:00","date_gmt":"2020-07-09T12:00:00","guid":{"rendered":"https:\/\/linitiative.ca\/International\/dr-bekkat-il-est-temps-de-determiner-les-responsabilites-de-tout-un-chacun\/"},"modified":"2020-07-09T08:00:00","modified_gmt":"2020-07-09T12:00:00","slug":"dr-bekkat-il-est-temps-de-determiner-les-responsabilites-de-tout-un-chacun","status":"publish","type":"post","link":"https:\/\/linitiative.ca\/International\/dr-bekkat-il-est-temps-de-determiner-les-responsabilites-de-tout-un-chacun\/","title":{"rendered":"Dr Bekkat : \u00ab\u00a0Il est temps de d\u00e9terminer les responsabilit\u00e9s de tout un chacun\u00a0\u00bb"},"content":{"rendered":"<p>\u00ab\u00a0Le wali doit agir en fonction de tout ce qui a \u00e9t\u00e9 d\u00e9cid\u00e9 par le gouvernement\u00a0\u00bb, a d\u00e9clar\u00e9 M. Berkani sur les ondes la Radio alg\u00e9rienne, relevant, dans ce sens, \u00ab\u00a0une faille dans le transfert de responsabilit\u00e9 au niveau politico-administratif, mais aussi sanitaire, o\u00f9 des directeurs de la sant\u00e9 ou d\u2019\u00e9tablissement hospitaliers n\u2019arrivent pas \u00e0 appliquer les dispositions de lutte contre cette pand\u00e9mie\u00a0\u00bb.<\/p>\n<p>\u00ab\u00a0La situation est alarmante, les constats sont l\u00e0. Pratiquement, toutes les r\u00e9gions de\u00a0 l\u2019Alg\u00e9rie sont affect\u00e9es par un effet rebond de la maladie, et dont les explications sont multiples\u00a0\u00bb, a-t-il observ\u00e9, appelant \u00e0 trouver des solutions pour freiner la propagation de la pand\u00e9mie.<\/p>\n<p>Il a fait remarquer que \u00ab\u00a0cette hausse enregistr\u00e9e au niveau de plusieurs wilayas du pays, comme S\u00e9tif, o\u00f9 la population, au sortir du confinement de ramadhan, a repris les activit\u00e9s sans pour autant respecter les mesures barri\u00e8res, au vu et au su des autorit\u00e9s locales\u00a0\u00bb, appelant, \u00e0 ce propos, les autorit\u00e9s locales \u00e0 veiller \u00e0 l&rsquo;application des mesures de lutte contre le Coronavirus sur le terrain.<\/p>\n<p>\u00ab\u00a0Il faut que tout le monde r\u00e9agisse. Outre les autorit\u00e9s locales, le minist\u00e8re de la Sant\u00e9 a la charge de g\u00e9rer les structures de la sant\u00e9 qui ont la responsabilit\u00e9 de mettre les moyens n\u00e9cessaires \u00e0 la disposition du personnel m\u00e9dical\u00a0\u00bb, a-t-il soutenu.<\/p>\n<p><strong>Appel \u00e0 la mise en place d\u2019un v\u00e9ritable plan de lutte applicable sur le terrain<\/strong><\/p>\n<p>Pr Berkani a appel\u00e9, dans ce sens, \u00e0 la mise en place d\u2019un \u00ab\u00a0v\u00e9ritable plan de lutte contre le coronavirus qui soit applicable sur le terrain\u00a0\u00bb.\u00a0\u00bbIl y a un certain nombre de disfonctionnements, car notre syst\u00e8me de sant\u00e9 \u00e9tait d\u00e9j\u00e0 dans une situation difficile. Mais aujourd&rsquo;hui, la gestion doit \u00eatre \u00e0 la hauteur de l\u2019\u00e9pid\u00e9mie. Quand on est en guerre contre un virus, on doit \u00e9laborer de v\u00e9ritables plans applicables sur le terrain\u00a0\u00bb, a-t-il sugg\u00e9r\u00e9.<\/p>\n<p>Pour lui, la gestion de cette pand\u00e9mie \u00ab\u00a0doit \u00eatre \u00e0 la hauteur de la situation\u00a0\u00bb, ajoutant qu\u2019il est \u00ab\u00a0inadmissible que l\u2019on manque d\u2019oxyg\u00e8ne et de moyens de protection au niveau des structures hospitali\u00e8res\u00a0\u00bb.<\/p>\n<p>Il a, en outre, appel\u00e9 \u00e0 une forte mobilisation et \u00e0 l&rsquo;implication des m\u00e9decins priv\u00e9s dans la lutte contre ce virus.<\/p>\n<p>Par ailleurs, M. Berkani a propos\u00e9 le renforcement de la composante du comit\u00e9 scientifique de suivi de l&rsquo;\u00e9volution du Covid-19 par des \u00ab\u00a0forces repr\u00e9sentatives comme les syndicats et les experts qui puissent, dans un cadre organis\u00e9 et constructif, apporter leur contribution\u00a0\u00bb.<\/p>\n<p>Auteur: elmoudjahid<br \/>\n<a href=\"http:\/\/www.elmoudjahid.com\/fr\/actualites\/156085\">Cliquez ici pour lire l&rsquo;article depuis sa source.<\/a><\/p>\n","protected":false},"excerpt":{"rendered":"<p>\u00ab\u00a0Le wali doit agir en fonction de tout ce qui a \u00e9t\u00e9 d\u00e9cid\u00e9 par le gouvernement\u00a0\u00bb, a d\u00e9clar\u00e9 M. Berkani sur les ondes la Radio alg\u00e9rienne, relevant, dans ce sens, \u00ab\u00a0une faille dans le transfert de responsabilit\u00e9 au niveau politico-administratif, mais aussi sanitaire, o\u00f9 des directeurs de la sant\u00e9 ou d\u2019\u00e9tablissement hospitaliers n\u2019arrivent pas \u00e0 [&hellip;]<\/p>\n","protected":false},"author":1744,"featured_media":0,"comment_status":"closed","ping_status":"closed","sticky":false,"template":"","format":"standard","meta":{"fifu_image_url":"","fifu_image_alt":"","footnotes":""},"categories":[73,53],"tags":[],"class_list":["post-91779","post","type-post","status-publish","format-standard","hentry","category-actualite","category-algerie"],"_links":{"self":[{"href":"https:\/\/linitiative.ca\/International\/wp-json\/wp\/v2\/posts\/91779","targetHints":{"allow":["GET"]}}],"collection":[{"href":"https:\/\/linitiative.ca\/International\/wp-json\/wp\/v2\/posts"}],"about":[{"href":"https:\/\/linitiative.ca\/International\/wp-json\/wp\/v2\/types\/post"}],"author":[{"embeddable":true,"href":"https:\/\/linitiative.ca\/International\/wp-json\/wp\/v2\/users\/1744"}],"replies":[{"embeddable":true,"href":"https:\/\/linitiative.ca\/International\/wp-json\/wp\/v2\/comments?post=91779"}],"version-history":[{"count":0,"href":"https:\/\/linitiative.ca\/International\/wp-json\/wp\/v2\/posts\/91779\/revisions"}],"wp:attachment":[{"href":"https:\/\/linitiative.ca\/International\/wp-json\/wp\/v2\/media?parent=91779"}],"wp:term":[{"taxonomy":"category","embeddable":true,"href":"https:\/\/linitiative.ca\/International\/wp-json\/wp\/v2\/categories?post=91779"},{"taxonomy":"post_tag","embeddable":true,"href":"https:\/\/linitiative.ca\/International\/wp-json\/wp\/v2\/tags?post=91779"}],"curies":[{"name":"wp","href":"https:\/\/api.w.org\/{rel}","templated":true}]}}