{"id":91780,"date":"2020-07-09T06:10:00","date_gmt":"2020-07-09T10:10:00","guid":{"rendered":"https:\/\/linitiative.ca\/International\/belhimer-felicite-la-startup-legal-doctrine-pour-le-lancement-de-sa-plateforme-afrique\/"},"modified":"2020-07-09T06:10:00","modified_gmt":"2020-07-09T10:10:00","slug":"belhimer-felicite-la-startup-legal-doctrine-pour-le-lancement-de-sa-plateforme-afrique","status":"publish","type":"post","link":"https:\/\/linitiative.ca\/International\/belhimer-felicite-la-startup-legal-doctrine-pour-le-lancement-de-sa-plateforme-afrique\/","title":{"rendered":"Belhimer f\u00e9licite la startup \u00ab\u00a0Legal Doctrine\u00a0\u00bb pour le lancement de sa plateforme Afrique"},"content":{"rendered":"<p>\u00ab\u00a0Nous f\u00e9licitons la startup alg\u00e9rienne Legal Doctrine, \u00e9ditrice de la plateforme legal-doctrine.com, qui collecte, num\u00e9rise et met en ligne les l\u00e9gislations, r\u00e8glementations et d\u00e9cisions de justice, pour le lancement de sa plateforme \u00e0 destination de plusieurs pays d&rsquo;Afrique\u00a0\u00bb, a indiqu\u00e9 M. Belhimer.<\/p>\n<p>Il a soulign\u00e9 que la startup Legal Doctrine \u00ab\u00a0s&rsquo;est remarquablement illustr\u00e9e par la performance de sa veille juridique, mise \u00e0 disposition gratuitement en cette p\u00e9riode de covid-19, ainsi que la qualit\u00e9 du contenu accessible sur la plateforme gr\u00e2ce \u00e0 son moteur de recherche\u00a0\u00bb.<\/p>\n<p>\u00ab\u00a0Particuli\u00e8rement appr\u00e9ci\u00e9e par les acteurs des mondes juridique et financier, la startup legaltech a \u00e9galement organis\u00e9 de nombreuses conf\u00e9rences juridiques en ligne dans plusieurs pays avec des intervenants nationaux et internationaux de qualit\u00e9, permettant \u00e0 la communaut\u00e9 du droit d&rsquo;\u00e9changer sur des sujets d&rsquo;actualit\u00e9\u00a0\u00bb, a-t-il ajout\u00e9, relevant qu&rsquo;il s&rsquo;agit d'\u00a0\u00bbune initiative innovatrice 100% alg\u00e9rienne utile \u00e0 encourager et \u00e0 multiplier au sein de notre \u00e9cosyst\u00e8me incitant une cha\u00eene d&rsquo;effets positifs sur l&rsquo;\u00e9conomie dans son ensemble\u00a0\u00bb.<\/p>\n<p>\u00ab\u00a0L&rsquo;initiative peut para\u00eetre anodine \u00e0 sa petite \u00e9chelle, mais elle renvoie \u00e0 des enjeux essentiels\u00a0\u00bb, a fait savoir le ministre, soulignant que \u00ab\u00a0tout comme les pays producteurs de p\u00e9trole insistent depuis les ann\u00e9es 1970 pour que les raffineries de p\u00e9trole ajoutent de la valeur au p\u00e9trole brut, tous les gouvernements veulent aujourd&rsquo;hui que les grandes soci\u00e9t\u00e9s technologiques construisent des centres de donn\u00e9es sur leur propre sol\u00a0\u00bb.<\/p>\n<p>Il a indiqu\u00e9, dans le m\u00eame cadre, que \u00ab\u00a0l&rsquo;int\u00e9r\u00eat tourne autour du Cloud qui alimente une grande partie de l&rsquo;industrie technologique mondiale et qui repose sur de vastes centres de donn\u00e9es situ\u00e9s principalement autour de l&rsquo;Europe du Nord et des c\u00f4tes am\u00e9ricaines\u00a0\u00bb, ajoutant que \u00ab\u00a0dans le m\u00eame temps, les grandes entreprises am\u00e9ricaines se tournent de plus en plus vers les march\u00e9s des pays du Sud, car un nombre consid\u00e9rable de jeunes populations f\u00e9rues de technologie se connectent\u00a0\u00bb.<\/p>\n<p>\u00ab\u00a0Pour les pays d&rsquo;accueil, partisans de la localisation des donn\u00e9es, les r\u00e8glementations en vigueur assoient la d\u00e9pendance structurelle des pays en d\u00e9veloppement \u00e0 l&rsquo;\u00e9gard des infrastructures num\u00e9riques appartenant \u00e0 des \u00e9trangers et leur r\u00e9servent une part injuste des avantages \u00e9conomiques de ces donn\u00e9es pour forcer les entreprises de haute technologie \u00e0 devenir des entit\u00e9s permanentes sur leur territoire afin d&rsquo;accro\u00eetre \u00e0 terme le montant des taxes qu&rsquo;ils peuvent leur imposer\u00a0\u00bb, a-t-il poursuivi.<\/p>\n<p>Ainsi, \u00ab\u00a0comme toute autre ressource, le flux de donn\u00e9es n&rsquo;\u00e9chappe pas \u00e0 l&rsquo;instinct de domination, ce qui autorise \u00e0 se demander si nous n&rsquo;assistons pas \u00e0 l&rsquo;av\u00e8nement d&rsquo;un imp\u00e9rialisme num\u00e9rique illustr\u00e9 par la r\u00e9partition in\u00e9galitaire des sites-sources, le d\u00e9calage entre les nouvelles sources de donn\u00e9es et l&#8217;emplacement des centres de donn\u00e9es ayant conduit \u00e0 des situations qu&rsquo;on peut qualifier de colonisation des donn\u00e9es et de\u00a0 colonialisme num\u00e9rique\u00a0\u00bb, a-t-il fait observer.<\/p>\n<p>Pour M. Belhimer, \u00ab\u00a0l&rsquo;enjeu est l&rsquo;h\u00e9bergement des bases de donn\u00e9es comme pr\u00e9cieux potentiel d&rsquo;industrialisation num\u00e9rique gr\u00e2ce aux avantages concurrentiels qu&rsquo;elles procurent pour les entreprises locales de cloud computing et \u00e0 l&rsquo;accroissement de leur connexion \u00e0 d&rsquo;autres acteurs du secteur informatique local\u00a0\u00bb.<\/p>\n<p>APS<\/p>\n<p>Auteur: elmoudjahid<br \/>\n<a href=\"http:\/\/www.elmoudjahid.com\/fr\/actualites\/156086\">Cliquez ici pour lire l&rsquo;article depuis sa source.<\/a><\/p>\n","protected":false},"excerpt":{"rendered":"<p>\u00ab\u00a0Nous f\u00e9licitons la startup alg\u00e9rienne Legal Doctrine, \u00e9ditrice de la plateforme legal-doctrine.com, qui collecte, num\u00e9rise et met en ligne les l\u00e9gislations, r\u00e8glementations et d\u00e9cisions de justice, pour le lancement de sa plateforme \u00e0 destination de plusieurs pays d&rsquo;Afrique\u00a0\u00bb, a indiqu\u00e9 M. Belhimer. Il a soulign\u00e9 que la startup Legal Doctrine \u00ab\u00a0s&rsquo;est remarquablement illustr\u00e9e par la [&hellip;]<\/p>\n","protected":false},"author":1744,"featured_media":0,"comment_status":"closed","ping_status":"closed","sticky":false,"template":"","format":"standard","meta":{"fifu_image_url":"","fifu_image_alt":"","footnotes":""},"categories":[73,53],"tags":[],"class_list":["post-91780","post","type-post","status-publish","format-standard","hentry","category-actualite","category-algerie"],"_links":{"self":[{"href":"https:\/\/linitiative.ca\/International\/wp-json\/wp\/v2\/posts\/91780","targetHints":{"allow":["GET"]}}],"collection":[{"href":"https:\/\/linitiative.ca\/International\/wp-json\/wp\/v2\/posts"}],"about":[{"href":"https:\/\/linitiative.ca\/International\/wp-json\/wp\/v2\/types\/post"}],"author":[{"embeddable":true,"href":"https:\/\/linitiative.ca\/International\/wp-json\/wp\/v2\/users\/1744"}],"replies":[{"embeddable":true,"href":"https:\/\/linitiative.ca\/International\/wp-json\/wp\/v2\/comments?post=91780"}],"version-history":[{"count":0,"href":"https:\/\/linitiative.ca\/International\/wp-json\/wp\/v2\/posts\/91780\/revisions"}],"wp:attachment":[{"href":"https:\/\/linitiative.ca\/International\/wp-json\/wp\/v2\/media?parent=91780"}],"wp:term":[{"taxonomy":"category","embeddable":true,"href":"https:\/\/linitiative.ca\/International\/wp-json\/wp\/v2\/categories?post=91780"},{"taxonomy":"post_tag","embeddable":true,"href":"https:\/\/linitiative.ca\/International\/wp-json\/wp\/v2\/tags?post=91780"}],"curies":[{"name":"wp","href":"https:\/\/api.w.org\/{rel}","templated":true}]}}