{"id":91791,"date":"2020-07-09T05:09:48","date_gmt":"2020-07-09T09:09:48","guid":{"rendered":"https:\/\/linitiative.ca\/International\/professeur-idir-bitam-expert-en-maladies-transmissibles-et-pathologies-tropicales-nous-payons-cash-le-manque-de-civisme\/"},"modified":"2020-07-09T05:09:48","modified_gmt":"2020-07-09T09:09:48","slug":"professeur-idir-bitam-expert-en-maladies-transmissibles-et-pathologies-tropicales-nous-payons-cash-le-manque-de-civisme","status":"publish","type":"post","link":"https:\/\/linitiative.ca\/International\/professeur-idir-bitam-expert-en-maladies-transmissibles-et-pathologies-tropicales-nous-payons-cash-le-manque-de-civisme\/","title":{"rendered":"Professeur Idir Bitam. Expert en maladies transmissibles et pathologies tropicales : \u00abNous payons cash le manque de civisme\u00bb"},"content":{"rendered":"<h4 class=\"title-14\"\/>\n<div class=\"featured_image\"><img loading=\"lazy\" decoding=\"async\" width=\"500\" height=\"638\" src=\"https:\/\/www.elwatan.com\/wp-content\/uploads\/2020\/07\/Pr-Bitam-2-9999x9999-c.jpg\" class=\"attachment-post-thumbnail size-post-thumbnail wp-post-image\" alt=\"Professeur Idir Bitam. Expert en maladies transmissibles et pathologies tropicales\" srcset=\"https:\/\/www.elwatan.com\/wp-content\/uploads\/2020\/07\/Pr-Bitam-2-9999x9999-c.jpg 500w, https:\/\/www.elwatan.com\/wp-content\/uploads\/2020\/07\/Pr-Bitam-2-9999x9999-c-235x300.jpg 235w\" sizes=\"auto, (max-width: 500px) 100vw, 500px\"\/><\/div>\n<p class=\"p1\"><span class=\"s1\"><strong>Expert des maladies transmissibles et pathologies tropicales \u00e0 la direction g\u00e9n\u00e9rale de la recherche scientifique et d\u00e9veloppement technologique au minist\u00e8re de l\u2019Enseignement sup\u00e9rieur et ancien chef de service \u00e0 l\u2019Institut Pasteur durant 15 ans, le professeur Idir Bitam explique l\u2019explosion du nombre de contaminations par la hausse du d\u00e9pistage, le non-respect des mesures barri\u00e8res et la mutation \u00e9ventuelle du virus, devenu moins virulent mais plus contaminant. Il plaide pour un d\u00e9confinement r\u00e9fl\u00e9chi, qui favorise l\u2019immunit\u00e9 collective tout en interdisant le contact avec les personnes \u00e2g\u00e9es, malades chroniques et ob\u00e8ses.<\/strong><\/span><\/p>\n<p class=\"p2\"><em><strong><span class=\"s1\">\u2013 Quelle explication donnez-vous \u00e0 l\u2019explosion du nombre de contaminations \u00e0 la Covid-19 ?<\/span><\/strong><\/em><\/p>\n<p class=\"p2\"><span class=\"s1\">Il y a trois explications possibles. La premi\u00e8re est l\u2019augmentation des centres de diagnostic. Nous sommes, aujourd\u2019hui, \u00e0 30 laboratoires. Ce qui fait augmenter le nombre des analyses par RT et PCR.<\/span><\/p>\n<p class=\"p2\"><span class=\"s1\">Nous sommes arriv\u00e9s \u00e0 faire 2000 \u00e0 2500 tests PCR par jour. La deuxi\u00e8me explication est cette inconscience constat\u00e9e chez la population qui fait augmenter le nombre de cas, surtout de porteurs sains. La troisi\u00e8me explication reste li\u00e9e \u00e0 une possible autre mutation virale qui donne un virus moins virulent mais plus contaminant.<\/span><\/p>\n<p class=\"p2\"><em><strong><span class=\"s1\">\u2013 Vous avez \u00e9voqu\u00e9 une probable autre mutation du virus, devenu moins virulent. Voulez-vous dire que la charge virale conna\u00eet une baisse par rapport au d\u00e9but de la pand\u00e9mie ?<\/span><\/strong><\/em><\/p>\n<p class=\"p2\"><span class=\"s1\">A ma connaissance, oui. Cela s\u2019explique par un taux de mortalit\u00e9 faible et un nombre \u00e9lev\u00e9 de porteurs asymptomatiques ou peu symptomatiques. Il y a aussi l\u2019effet du soleil, qu\u2019il faut prendre en compte.<\/span><\/p>\n<p class=\"p2\"><em><strong><span class=\"s1\">\u2013 Peut-il avoir de l\u2019effet sur la charge virale, par exemple ?<\/span><\/strong><\/em><\/p>\n<p class=\"p2\"><span class=\"s1\">Tout \u00e0 fait. Cela est d\u00fb aux rayons ultraviolets qui ont la capacit\u00e9 d\u2019\u00e9liminer une grande partie de particules virales dans l\u2019environnement.<\/span><\/p>\n<p class=\"p2\"><em><strong><span class=\"s1\">\u2013 Comment analysez-vous ce taux de mortalit\u00e9, avec une moyenne de 10 d\u00e9c\u00e8s par jour avec des sujets jeunes ?<\/span><\/strong><\/em><\/p>\n<p class=\"p2\"><span class=\"s1\">Ce sont majoritairement des sujets \u00e2g\u00e9s, ob\u00e8ses, diab\u00e9tiques, hypertendus ou cardiaques. Des personnes vuln\u00e9rables avec une immunit\u00e9 tr\u00e8s r\u00e9duite.<\/span><\/p>\n<p class=\"p2\"><em><span class=\"s1\"><strong>\u2013 Avec le d\u00e9pistage, que vous dites renforc\u00e9, peut-on s\u2019attendre \u00e0 des statistiques de loin plus importantes que celles d\u2019aujourd\u2019hui ?<\/strong><\/span><\/em><\/p>\n<p class=\"p2\"><span class=\"s1\">Pas du tout. L\u2019augmentation du nombre de d\u00e9pistages donnera le chiffre r\u00e9el de la contamination en Alg\u00e9rie. Il faudra atteindre 3500 tests par jour pour avoir une estimation de la Covid-19 chez nous. Il faut savoir que l\u2019augmentation du nombre de contaminations est \u00e9troitement li\u00e9e au comportement de la population.<\/span><\/p>\n<p class=\"p2\"><span class=\"s1\">Si elle est consciente, nous vaincrons rapidement. Dans le cas contraire, on sera oblig\u00e9s de vivre avec ce virus. Pour moi, on doit affronter la Covid-19 par un d\u00e9confinement r\u00e9fl\u00e9chi, c\u2019est-\u00e0-dire laisser faire l\u2019immunit\u00e9 collective en prot\u00e9geant les personnes \u00e2g\u00e9es, les malades chroniques et les ob\u00e8ses.<\/span><\/p>\n<p class=\"p2\"><em><strong><span class=\"s1\">\u2013 Que voulez-vous dire par d\u00e9confinement r\u00e9fl\u00e9chi ?<\/span><\/strong><\/em><\/p>\n<p class=\"p2\"><span class=\"s1\">Le d\u00e9confinement r\u00e9fl\u00e9chi, c\u2019est trouver des solutions, faire en sorte que nos personnes \u00e2g\u00e9es, nos malades chroniques et les personnes ob\u00e8ses ne puissent pas \u00eatre en contact avec les porteurs sains.<\/span><\/p>\n<p class=\"p2\"><span class=\"s1\">Nous pouvons, par exemple, les autoriser \u00e0 sortir une heure par jour pour marcher un peu et prendre un peu de soleil mais sans contact avec les autres. Les jeunes ne doivent en aucun cas \u00eatre en promiscuit\u00e9 avec les personnes \u00e2g\u00e9es et les malades chroniques. Il faut aussi rendre obligatoire le port de la bavette et la distanciation sociale sous peine de prison et d\u2019une forte amende.<\/span><\/p>\n<p class=\"p2\"><em><strong><span class=\"s1\">\u2013 Comment est-ce possible, sachant qu\u2019aujourd\u2019hui beaucoup de gens appellent \u00e0 un confinement total ?<\/span><\/strong><\/em><\/p>\n<p class=\"p2\"><span class=\"s1\">Si nous continuons \u00e0 nous cacher derri\u00e8re le virus, nous risquons de vivre avec lui durant plusieurs ann\u00e9es. Je ne suis pas d\u2019accord avec la mesure de confinement, parce que le virus est en circulation et il y a beaucoup de porteurs asymptomatiques.<\/span><\/p>\n<p class=\"p2\"><span class=\"s1\">Une telle mesure provoquerait des d\u00e9g\u00e2ts plus graves, parce que ces porteurs seront aussi confin\u00e9s \u00e0 la maison et en contact avec les personnes \u00e2g\u00e9es, malades chroniques et ob\u00e8ses. Nous irons droit vers une vraie catastrophe. La meilleure solution est de lib\u00e9rer les jeunes en bonne sant\u00e9 pour qu\u2019ils affrontent le virus et d\u00e9veloppent leur immunit\u00e9 naturelle.<\/span><\/p>\n<p class=\"p2\"><em><strong><span class=\"s1\">\u2013 Comment expliquer cette explosion des statistiques de contaminations dans des wilayas d\u00e9munies et souffrant de manque de d\u00e9pistages, pour ne pas dire de leur absence ?<\/span><\/strong><\/em><\/p>\n<p class=\"p2\"><span class=\"s1\">Pour moi, cela est d\u00fb \u00e0 l\u2019inconscience de la population, qui continue \u00e0 prendre part aux regroupements, comme les mariages, les circoncisions, les enterrements, sans aucune mesure barri\u00e8re. Un manque de civisme que nous payons cher.<\/span><\/p>\n<p class=\"p2\"><span class=\"s1\">Cette inconscience de la population vient de ceux qui ne croient pas \u00e0 la Covid-19 et ceux qui pensent que la chaleur d\u00e9truit le virus. Il y a aussi beaucoup de fausses et mauvaises informations qui circulent sur les r\u00e9seaux sociaux et qu\u2019il faut \u00e9viter.<\/span><\/p>\n<p class=\"p2\"><em><strong><span class=\"s1\">\u2013 Certains experts ont alert\u00e9 sur une nouvelle voie de transmission de la Covid-19, qui est a\u00e9rienne, c\u2019est-\u00e0-dire que le virus, une fois dans l\u2019air, peut passer \u00e0 une autre personne sans avoir besoin d\u2019un postillon pour le transporter. Qu\u2019en pensez-vous ?<\/span><\/strong><\/em><\/p>\n<p class=\"p2\"><span class=\"s1\">En r\u00e9alit\u00e9, il ne s\u2019agit pas vraiment d\u2019une d\u00e9couverte. Nous savons tous que les virus peuvent rester r\u00e9sistants dans l\u2019air jusqu\u2019\u00e0 plusieurs heures. Cela d\u00e9pendra de l\u2019humidit\u00e9, de la temp\u00e9rature et du degr\u00e9 des \u00e9missions des rayons ultraviolets par le soleil. Le virus peut r\u00e9sister, par exemple, jusqu\u2019\u00e0 deux heures \u00e0 50\u00b0C. Cela est amplement suffisant pour contaminer les personnes et les animaux.<\/span><\/p>\n<p class=\"p2\"><em><strong><span class=\"s1\">\u2013 Faudra-t-il donc s\u2019habituer \u00e0 vivre avec le virus en adoptant de nouvelles habitudes ?<\/span><\/strong><\/em><\/p>\n<p class=\"p2\"><span class=\"s1\">Exactement et nous n\u2019avons pas le choix. Si la population ne veut pas se prendre en charge, nous serons oblig\u00e9s de vivre avec la Covid-19 et d\u2019adopter de nouvelles habitudes qui sont les mesures barri\u00e8res, \u00e0 savoir l\u2019obligation formelle de porter le masque, la distanciation sociale, le lavage constant des mains.<\/span><\/p>\n<p><span class=\"post-views-label\">Post Views:<\/span> <span class=\"post-views-count\">2\u00a0124<\/span><\/p>\n<p><br class=\"c2\"\/><br class=\"c6\"\/><\/p>\n<p>Auteur: Anis Khecheba<br \/>\n<a href=\"https:\/\/www.elwatan.com\/edition\/actualite\/nous-payons-cash-le-manque-de-civisme-09-07-2020\">Cliquez ici pour lire l&rsquo;article depuis sa source.<\/a><\/p>\n","protected":false},"excerpt":{"rendered":"<p>Expert des maladies transmissibles et pathologies tropicales \u00e0 la direction g\u00e9n\u00e9rale de la recherche scientifique et d\u00e9veloppement technologique au minist\u00e8re de l\u2019Enseignement sup\u00e9rieur et ancien chef de service \u00e0 l\u2019Institut Pasteur durant 15 ans, le professeur Idir Bitam explique l\u2019explosion du nombre de contaminations par la hausse du d\u00e9pistage, le non-respect des mesures barri\u00e8res et [&hellip;]<\/p>\n","protected":false},"author":1743,"featured_media":91792,"comment_status":"closed","ping_status":"closed","sticky":false,"template":"","format":"standard","meta":{"fifu_image_url":"","fifu_image_alt":"","footnotes":""},"categories":[73,53],"tags":[],"class_list":["post-91791","post","type-post","status-publish","format-standard","has-post-thumbnail","hentry","category-actualite","category-algerie"],"_links":{"self":[{"href":"https:\/\/linitiative.ca\/International\/wp-json\/wp\/v2\/posts\/91791","targetHints":{"allow":["GET"]}}],"collection":[{"href":"https:\/\/linitiative.ca\/International\/wp-json\/wp\/v2\/posts"}],"about":[{"href":"https:\/\/linitiative.ca\/International\/wp-json\/wp\/v2\/types\/post"}],"author":[{"embeddable":true,"href":"https:\/\/linitiative.ca\/International\/wp-json\/wp\/v2\/users\/1743"}],"replies":[{"embeddable":true,"href":"https:\/\/linitiative.ca\/International\/wp-json\/wp\/v2\/comments?post=91791"}],"version-history":[{"count":0,"href":"https:\/\/linitiative.ca\/International\/wp-json\/wp\/v2\/posts\/91791\/revisions"}],"wp:featuredmedia":[{"embeddable":true,"href":"https:\/\/linitiative.ca\/International\/wp-json\/"}],"wp:attachment":[{"href":"https:\/\/linitiative.ca\/International\/wp-json\/wp\/v2\/media?parent=91791"}],"wp:term":[{"taxonomy":"category","embeddable":true,"href":"https:\/\/linitiative.ca\/International\/wp-json\/wp\/v2\/categories?post=91791"},{"taxonomy":"post_tag","embeddable":true,"href":"https:\/\/linitiative.ca\/International\/wp-json\/wp\/v2\/tags?post=91791"}],"curies":[{"name":"wp","href":"https:\/\/api.w.org\/{rel}","templated":true}]}}