{"id":91793,"date":"2020-07-09T05:10:55","date_gmt":"2020-07-09T09:10:55","guid":{"rendered":"https:\/\/linitiative.ca\/International\/lepidemie-de-covid-19-semble-echapper-au-controle-lheure-est-grave\/"},"modified":"2020-07-09T05:10:55","modified_gmt":"2020-07-09T09:10:55","slug":"lepidemie-de-covid-19-semble-echapper-au-controle-lheure-est-grave","status":"publish","type":"post","link":"https:\/\/linitiative.ca\/International\/lepidemie-de-covid-19-semble-echapper-au-controle-lheure-est-grave\/","title":{"rendered":"L\u2019\u00e9pid\u00e9mie de Covid-19 semble \u00e9chapper au contr\u00f4le : L\u2019heure est grave"},"content":{"rendered":"<h4 class=\"title-14\"\/>\n<div class=\"featured_image\"><img loading=\"lazy\" decoding=\"async\" width=\"900\" height=\"395\" src=\"https:\/\/www.elwatan.com\/wp-content\/uploads\/2020\/07\/UNEEEEE-3.jpg\" class=\"attachment-post-thumbnail size-post-thumbnail wp-post-image\" alt=\"\" srcset=\"https:\/\/www.elwatan.com\/wp-content\/uploads\/2020\/07\/UNEEEEE-3.jpg 900w, https:\/\/www.elwatan.com\/wp-content\/uploads\/2020\/07\/UNEEEEE-3-300x132.jpg 300w, https:\/\/www.elwatan.com\/wp-content\/uploads\/2020\/07\/UNEEEEE-3-768x337.jpg 768w\" sizes=\"auto, (max-width: 900px) 100vw, 900px\"\/><\/div>\n<p class=\"p1\"><span class=\"s1\"><strong>La situation est des plus inqui\u00e9tantes dans certaines wilayas du pays, \u00e0 l\u2019image de S\u00e9tif ou Biskra, pour ne citer que celles-l\u00e0.<\/strong><\/span><\/p>\n<p class=\"p3\"><span class=\"s1\"><strong>L<\/strong><\/span><span class=\"c5\">a progression de la propagation du coronavirus devient inqui\u00e9tante. Depuis la fin du mois de juin, c\u2019est-\u00e0-dire depuis le d\u00e9but du \u00abd\u00e9confinement progressif\u00bb, le nombre des contaminations ne cesse d\u2019augmenter de jour en jour. 475 nouveaux cas ont \u00e9t\u00e9 enregistr\u00e9s avant-hier et il semblerait que cette courbe ascendante se poursuivra dans les jours \u00e0 venir.<\/span><\/p>\n<p class=\"p4\"><span class=\"s1\">La situation est encore plus inqui\u00e9tante dans certaines wilayas du pays, \u00e0 l\u2019image de S\u00e9tif ou Biskra, pour ne citer que celles-l\u00e0. Avec un syst\u00e8me de sant\u00e9 d\u00e9j\u00e0 chancelant, qu\u2019en sera-t-il dans les prochains jours ou semaines, si jamais le nombre des contaminations continue \u00e0 progresser ?<\/span><\/p>\n<p class=\"p4\"><span class=\"s1\">Des vid\u00e9os montrant l\u2019\u00e9tat de d\u00e9labrement dans lequel se trouvent certains h\u00f4pitaux du pays, comme celui de Biskra, notamment les services d\u00e9di\u00e9s au coronavirus, ont circul\u00e9 ces derniers jours sur les r\u00e9seaux sociaux. De plus en plus de m\u00e9decins, interpellant les citoyens, s\u2019expriment pour alerter sur la gravit\u00e9 de la situation.<\/span><\/p>\n<p class=\"p4\"><span class=\"s1\">Des informations font \u00e9tat du manque d\u2019oxyg\u00e8ne dans certains h\u00f4pitaux, ce qui avait m\u00eame pouss\u00e9 le ministre de la Sant\u00e9 \u00e0 \u00e9voquer le sujet en affirmant diligenter des enqu\u00eates l\u00e0 o\u00f9 le manque est signal\u00e9. Le personnel soignant, mobilis\u00e9 depuis le mois de mars, est au bout du rouleau.<\/span><\/p>\n<p class=\"p4\"><span class=\"s1\">Il est vrai que le pays n\u2019a pas encore atteint les chiffres qu\u2019a connus au plus haut de la crise l\u2019Italie, par exemple, ce qui avait pouss\u00e9 son personnel m\u00e9dical \u00e0 choisir qui sauver et qui laisser mourir, tellement il \u00e9tait compl\u00e8tement d\u00e9pass\u00e9, mais cette hausse, conjugu\u00e9e \u00e0 l\u2019\u00e9tat du syst\u00e8me de sant\u00e9 national et au non-respect des r\u00e8gles de distanciation, fait craindre le pire.<\/span><\/p>\n<p class=\"p4\"><span class=\"s1\">Une r\u00e9action urgente est clairement n\u00e9cessaire aujourd\u2019hui pour \u00e9viter la catastrophe, m\u00eame si, faut-il le souligner, jusque-l\u00e0, selon les donn\u00e9es fournies quotidiennement par les autorit\u00e9s sanitaires, le nombre de d\u00e9c\u00e8s n\u2019a pas pris, fort heureusement, la m\u00eame courbe ascendante, comme ce fut le cas ailleurs.<\/span><\/p>\n<p class=\"p4\"><span class=\"s1\">Lors du Conseil des ministres du 29 juin dernier, alors que le nombre des contaminations tournait autour de 300 (298 ce jour-l\u00e0), le Premier ministre avait \u00e9t\u00e9 instruit de <em>\u00abdurcir les sanctions \u00e0 l\u2019encontre de tous les contrevenants, individuellement ou collectivement\u00bb<\/em>. Il a \u00e9t\u00e9 \u00e9galement d\u00e9cid\u00e9 d\u2019interdire tout \u00abregroupement familial\u00bb, comme les f\u00eates de mariage, circoncision\u2026<\/span><\/p>\n<p class=\"p4\"><span class=\"s1\">Par ailleurs, le soin a \u00e9t\u00e9 laiss\u00e9 aux walis de d\u00e9cider d\u2019<em>\u00abun confinement partiel cibl\u00e9 ou total d\u2019une ou de plusieurs localit\u00e9s, communes ou<span class=\"Apple-converted-space\">\u00a0<\/span> de quartiers connaissant des foyers ou des clusters de contamination\u00bb<\/em>.<\/span><\/p>\n<p class=\"p4\"><span class=\"s1\">Est-ce une r\u00e9ponse suffisante, sachant que les mesures prises depuis le mois de mars, hormis les quelques premi\u00e8res semaines, ne sont pas totalement respect\u00e9es ? Avant-hier, le wali de S\u00e9tif a d\u00e9cid\u00e9 de l\u2019\u00e9tablissement d\u2019un confinement partiel dans 18 communes, de 13h \u00e0 5h, avec fermeture des lieux de regroupement, tels que les march\u00e9s.<\/span><\/p>\n<p class=\"p4\"><span class=\"s1\">Des mesures similaires vont probablement \u00eatre prises dans les jours \u00e0 venir dans d\u2019autres wilayas. Or, le probl\u00e8me jusque-l\u00e0 r\u00e9side dans le respect de ces consignes de distanciation et du port du masque. L\u2019instauration d\u2019une amende de 10 000 DA, pourtant tr\u00e8s importante puisqu\u2019elle repr\u00e9sente 50% du SNMG, n\u2019a rien r\u00e9gl\u00e9. Lorsque m\u00eame des agents des services de s\u00e9curit\u00e9, cens\u00e9s faire appliquer cette mesure, portent leurs masques sous le menton, il y a un s\u00e9rieux probl\u00e8me.<\/span><\/p>\n<p class=\"p4\"><span class=\"s1\">Il aurait certainement \u00e9t\u00e9 n\u00e9cessaire de commencer par de larges campagnes de sensibilisation, comme il fallait \u00e9viter les discours trop rassurants \u00e0 un moment o\u00f9 les pays disposant de meilleurs syst\u00e8mes de sant\u00e9 se disaient \u00eatre en \u00e9tat de guerre. Et c\u2019est par la suite que devrait intervenir la sanction \u00e0 l\u2019endroit des plus r\u00e9calcitrants.<\/span><\/p>\n<p class=\"p4\"><span class=\"s1\">Avec le manque de moyens et de faibles capacit\u00e9s d\u2019accueil dans les h\u00f4pitaux, surtout pour ce qui est de la r\u00e9animation, du moins par rapport \u00e0 celles de pays plus avanc\u00e9s sur ce plan, il ne faut pas attendre que les chiffres atteignent ceux de certaines nations europ\u00e9ennes durant les mois de mars et avril, pour que les h\u00f4pitaux alg\u00e9riens soient compl\u00e8tement d\u00e9pass\u00e9s.<\/span><\/p>\n<p class=\"p5\"><span class=\"s1\">Aujourd\u2019hui, il est clair qu\u2019une r\u00e9action urgente s\u2019impose, tant sur le plan des \u00e9quipements et moyens mis \u00e0 la disposition des personnels soignants (le probl\u00e8me du manque d\u2019oxyg\u00e8ne ne devrait pas se poser) que sur celui des mesures visant \u00e0 freiner la propagation du virus.<\/span><\/p>\n<p class=\"p5\"><span class=\"s1\">Les citoyens devraient aussi, ceux qui ne le font pas jusque-l\u00e0 du moins, respecter les consignes de distanciation et porter le masque. Sinon, il y a un risque pour que les m\u00e9decins, si jamais la situation se complique, se mettent \u00e0 choisir qui aura un lit en r\u00e9animation ou non.\u00a0<\/span><\/p>\n<p><span class=\"post-views-label\">Post Views:<\/span> <span class=\"post-views-count\">9\u00a0347<\/span><\/p>\n<p><br class=\"c2\"\/><br class=\"c7\"\/><\/p>\n<p>Auteur: Anis Khecheba<br \/>\n<a href=\"https:\/\/www.elwatan.com\/edition\/actualite\/lheure-est-grave-2-09-07-2020\">Cliquez ici pour lire l&rsquo;article depuis sa source.<\/a><\/p>\n","protected":false},"excerpt":{"rendered":"<p>La situation est des plus inqui\u00e9tantes dans certaines wilayas du pays, \u00e0 l\u2019image de S\u00e9tif ou Biskra, pour ne citer que celles-l\u00e0. La progression de la propagation du coronavirus devient inqui\u00e9tante. Depuis la fin du mois de juin, c\u2019est-\u00e0-dire depuis le d\u00e9but du \u00abd\u00e9confinement progressif\u00bb, le nombre des contaminations ne cesse d\u2019augmenter de jour en [&hellip;]<\/p>\n","protected":false},"author":1743,"featured_media":91794,"comment_status":"closed","ping_status":"closed","sticky":false,"template":"","format":"standard","meta":{"fifu_image_url":"","fifu_image_alt":"","footnotes":""},"categories":[73,53],"tags":[],"class_list":["post-91793","post","type-post","status-publish","format-standard","has-post-thumbnail","hentry","category-actualite","category-algerie"],"_links":{"self":[{"href":"https:\/\/linitiative.ca\/International\/wp-json\/wp\/v2\/posts\/91793","targetHints":{"allow":["GET"]}}],"collection":[{"href":"https:\/\/linitiative.ca\/International\/wp-json\/wp\/v2\/posts"}],"about":[{"href":"https:\/\/linitiative.ca\/International\/wp-json\/wp\/v2\/types\/post"}],"author":[{"embeddable":true,"href":"https:\/\/linitiative.ca\/International\/wp-json\/wp\/v2\/users\/1743"}],"replies":[{"embeddable":true,"href":"https:\/\/linitiative.ca\/International\/wp-json\/wp\/v2\/comments?post=91793"}],"version-history":[{"count":0,"href":"https:\/\/linitiative.ca\/International\/wp-json\/wp\/v2\/posts\/91793\/revisions"}],"wp:featuredmedia":[{"embeddable":true,"href":"https:\/\/linitiative.ca\/International\/wp-json\/"}],"wp:attachment":[{"href":"https:\/\/linitiative.ca\/International\/wp-json\/wp\/v2\/media?parent=91793"}],"wp:term":[{"taxonomy":"category","embeddable":true,"href":"https:\/\/linitiative.ca\/International\/wp-json\/wp\/v2\/categories?post=91793"},{"taxonomy":"post_tag","embeddable":true,"href":"https:\/\/linitiative.ca\/International\/wp-json\/wp\/v2\/tags?post=91793"}],"curies":[{"name":"wp","href":"https:\/\/api.w.org\/{rel}","templated":true}]}}