{"id":91802,"date":"2020-07-09T12:28:00","date_gmt":"2020-07-09T16:28:00","guid":{"rendered":"https:\/\/linitiative.ca\/International\/les-passations-de-pouvoir-dans-le-gouvernement-francais-une-belle-lecon-de-democratie\/"},"modified":"2020-07-09T12:28:00","modified_gmt":"2020-07-09T16:28:00","slug":"les-passations-de-pouvoir-dans-le-gouvernement-francais-une-belle-lecon-de-democratie","status":"publish","type":"post","link":"https:\/\/linitiative.ca\/International\/les-passations-de-pouvoir-dans-le-gouvernement-francais-une-belle-lecon-de-democratie\/","title":{"rendered":"Les passations de pouvoir dans le gouvernement fran\u00e7ais : Une belle le\u00e7on de d\u00e9mocratie"},"content":{"rendered":"<p>La plupart des cha\u00eenes de t\u00e9l\u00e9vision fran\u00e7aises ont <span class=\"c2\">\u00a0<\/span>diffus\u00e9<span class=\"c2\">\u00a0<\/span> ces derniers<span class=\"c2\">\u00a0<\/span> jours, les c\u00e9r\u00e9monies de passation du pouvoir entre les ministres entrants et sortants avec la solennit\u00e9 qui sied \u00e0 de telles manifestations. Rien n&rsquo;y manquait, ni les discours de haute tenue \u00e9chang\u00e9s entre l&rsquo;entrant et le sortant ni les applaudissements nourris des cadres et des employ\u00e9s des minist\u00e8res.J\u2019ai surtout appr\u00e9ci\u00e9 l&rsquo;intervention d\u2019un des t\u00e9nors du barreau de Paris, Eric Dupond-Moretti. Nomm\u00e9 \u00e0 la surprise g\u00e9n\u00e9rale \u00e0 la t\u00eate de ce minist\u00e8re de la Justice dont Casamayor, un juge fran\u00e7ais disparu disait \u00ab\u00a0qu&rsquo;elle \u00e9tait une erreur mill\u00e9naire qui ait voulu attribuer \u00e0 une administration le nom d&rsquo;une vertu\u00a0\u00bb, il a troqu\u00e9 la robe noire pour enfiler ses nouveaux habits de ministre de la Justice avant de pr\u00e9senter de son programme. \u00a0<\/p>\n<p>Le contraste avec la Tunisie est frappant. De c\u00e9r\u00e9monies de paassation point. Mais un passage sous les fourches caudines des d\u00e9put\u00e9s dans une s\u00e9ance pl\u00e9ni\u00e8re tranform\u00e9e en fosses aux lions o\u00f9 les malheureux ministres servent de punching ball pendant des heures.<\/p>\n<p>Curieux accueil pour des ministres qui avaient besoin d&rsquo;\u00eatre encourag\u00e9s et rassur\u00e9s. Tout se passe comme si on tenait \u00e0 les humilier et\u00a0 \u00e0 leur rappeler si besoin \u00e9tait que le centre du pouvoir \u00e9tait au Bardo. Ce faisant, on n&rsquo;humilie pas seulement les ministres, mais\u00a0 aussi et surtout l&rsquo;Etat comme s&rsquo;il n&rsquo;avait pas \u00e9t\u00e9 suffisamment maltrait\u00e9 sous cette coupole et ce n&rsquo;est pas un hasard si\u00a0 un nouveau ministre avait fondu en larmes lors de sa premi\u00e8re audition en commission.\u00a0\u00a0<\/p>\n<p>Auteur:<br \/>\n<a href=\"https:\/\/www.leaders.com.tn\/article\/30245-les-passations-de-pouvoir-dans-le-gouvernement-francais-une-belle-lecon-de-democratie\">Cliquez ici pour lire l&rsquo;article depuis sa source.<\/a><\/p>\n","protected":false},"excerpt":{"rendered":"<p>La plupart des cha\u00eenes de t\u00e9l\u00e9vision fran\u00e7aises ont \u00a0diffus\u00e9\u00a0 ces derniers\u00a0 jours, les c\u00e9r\u00e9monies de passation du pouvoir entre les ministres entrants et sortants avec la solennit\u00e9 qui sied \u00e0 de telles manifestations. Rien n&rsquo;y manquait, ni les discours de haute tenue \u00e9chang\u00e9s entre l&rsquo;entrant et le sortant ni les applaudissements nourris des cadres et [&hellip;]<\/p>\n","protected":false},"author":1772,"featured_media":0,"comment_status":"closed","ping_status":"closed","sticky":false,"template":"","format":"standard","meta":{"fifu_image_url":"","fifu_image_alt":"","footnotes":""},"categories":[73,55],"tags":[],"class_list":["post-91802","post","type-post","status-publish","format-standard","hentry","category-actualite","category-tunisie"],"_links":{"self":[{"href":"https:\/\/linitiative.ca\/International\/wp-json\/wp\/v2\/posts\/91802","targetHints":{"allow":["GET"]}}],"collection":[{"href":"https:\/\/linitiative.ca\/International\/wp-json\/wp\/v2\/posts"}],"about":[{"href":"https:\/\/linitiative.ca\/International\/wp-json\/wp\/v2\/types\/post"}],"author":[{"embeddable":true,"href":"https:\/\/linitiative.ca\/International\/wp-json\/wp\/v2\/users\/1772"}],"replies":[{"embeddable":true,"href":"https:\/\/linitiative.ca\/International\/wp-json\/wp\/v2\/comments?post=91802"}],"version-history":[{"count":0,"href":"https:\/\/linitiative.ca\/International\/wp-json\/wp\/v2\/posts\/91802\/revisions"}],"wp:attachment":[{"href":"https:\/\/linitiative.ca\/International\/wp-json\/wp\/v2\/media?parent=91802"}],"wp:term":[{"taxonomy":"category","embeddable":true,"href":"https:\/\/linitiative.ca\/International\/wp-json\/wp\/v2\/categories?post=91802"},{"taxonomy":"post_tag","embeddable":true,"href":"https:\/\/linitiative.ca\/International\/wp-json\/wp\/v2\/tags?post=91802"}],"curies":[{"name":"wp","href":"https:\/\/api.w.org\/{rel}","templated":true}]}}