{"id":91807,"date":"2020-07-09T12:49:52","date_gmt":"2020-07-09T16:49:52","guid":{"rendered":"https:\/\/linitiative.ca\/International\/coronavirus-le-groupe-bio-rad-accelere-la-production-de-son-test-serologique\/"},"modified":"2020-07-09T12:49:52","modified_gmt":"2020-07-09T16:49:52","slug":"coronavirus-le-groupe-bio-rad-accelere-la-production-de-son-test-serologique","status":"publish","type":"post","link":"https:\/\/linitiative.ca\/International\/coronavirus-le-groupe-bio-rad-accelere-la-production-de-son-test-serologique\/","title":{"rendered":"Coronavirus : le groupe Bio-Rad acc\u00e9l\u00e8re la production de son test s\u00e9rologique"},"content":{"rendered":"<p><strong>Bio-Rad Laboratories, l\u2019un des leaders mondiaux de la recherche en sciences de la vie et des produits de diagnostic clinique, met les bouch\u00e9es doubles sur la production de son test Platelia SARS-CoV-2 Total Ab.<\/strong><\/p>\n<div class=\"c10\"\/>\n<p>Il s\u2019agit d\u2019un test de dosage immunologique sanguin permettant de d\u00e9terminer si un individu a d\u00e9velopp\u00e9 des anticorps contre le SARS-CoV-2, le virus associ\u00e9 \u00e0 la maladie <strong>COVID-19<\/strong>. Soulignons que Bio-Rad a lanc\u00e9, fin avril dernier, la commercialisation de ce test, qui constitue le premier test s\u00e9rologique \u00e0 recevoir l\u2019autorisation d\u2019urgence de mise sur le march\u00e9 aupr\u00e8s de la Food and Drug Administration Am\u00e9ricaine (FDA). \u00ab\u00a0Le test SARS-CoV-2 de Bio-Rad est \u00e9galement marqu\u00e9 CE pour l\u2019Europe, et, apr\u00e8s validation par le CNR, Centre National de R\u00e9f\u00e9rence fran\u00e7ais, r\u00e9pertori\u00e9 parmi les <strong>tests s\u00e9rologiques<\/strong> homologu\u00e9s par le gouvernement fran\u00e7ais pour la d\u00e9tection du SARS-CoV-2\u00a0\u00bb, fait aussi remarquer le top management, ajoutant que le test SARS-CoV-2 Total Ab de Bio-Rad peut aider les cliniciens \u00e0 identifier si un individu a \u00e9t\u00e9 infect\u00e9 par le SARS-CoV-2 et a donc d\u00e9velopp\u00e9 une r\u00e9ponse immunitaire contre le virus.<\/p>\n<p><strong>Lire aussi|<\/strong> <a href=\"https:\/\/www.challenge.ma\/capitalisation-boursiere-les-investisseurs-etrangers-detiennent-une-part-de-3194-a-fin-2019-148141\/\"><strong>Capitalisation boursi\u00e8re: les investisseurs \u00e9trangers d\u00e9tiennent une part de 31,94% \u00e0 fin 2019<\/strong><\/a><\/p>\n<p>Dans le d\u00e9tail, ledit test d\u00e9tecte les 3 types d\u2019anticorps, \u00e0 savoir \u00a0l\u2019IgG, l\u2019IgM et l\u2019IgA. Le laboratoire fait \u00e9galement remarquer que l\u2019\u00e9valuation clinique du test SARS-CoV-2 Total Ab a d\u00e9montr\u00e9 une sp\u00e9cificit\u00e9 diagnostique de plus de 99 % et une <strong>sensibilit\u00e9 diagnostique<\/strong> de 100 %(test de 50 patients avec 127 \u00e9chantillons plus de 8 jours apr\u00e8s l\u2019apparition des sympt\u00f4mes). \u00ab L\u2019approche par les anticorps totaux permet la d\u00e9tection des anticorps chez la majorit\u00e9 des patients 8 jours apr\u00e8s l\u2019apparition des sympt\u00f4mes, contrairement \u00e0 une approche par les IgG uniquement \u00bb, assure Jean-Fran\u00e7ois Mouscadet, PhD, Associate VP, Diagnostic Clinique de Bio-Rad Europe.<\/p>\n<p><strong>Lire aussi|<\/strong> <a href=\"https:\/\/www.challenge.ma\/coronavirus-des-pertes-de-plus-de-240-mdh-pour-la-presse-marocaine-cnp-148159\/\"><strong>Coronavirus: des pertes de plus de 240 MDH pour la presse marocaine (CNP)<\/strong><\/a><\/p>\n<p>Soulignons que le test SARS-CoV-2 Total Ab a \u00e9t\u00e9 con\u00e7u pour \u00eatre utilis\u00e9 manuellement ou sur une plateforme d\u2019immunoessais automatis\u00e9e, telle que le syst\u00e8me EVOLIS de Bio-Rad, qui offre un traitement \u00e0 haut d\u00e9bit et une tra\u00e7abilit\u00e9 des \u00e9chantillons. \u00ab\u00a0Bio-Rad propose une large gamme de produits destin\u00e9s \u00e0 soutenir le <strong>d\u00e9pistage<\/strong> diagnostique de la COVID-19, la confirmation des r\u00e9sultats des tests, la surveillance et la recherche ainsi que le d\u00e9veloppement de th\u00e9rapies\/vaccins. Des tests mol\u00e9culaires utilisant la PCR en temps r\u00e9el ou la PCR num\u00e9rique en gouttelettes aux tests immunologiques, notre gamme de solutions offre chacune dans sa cat\u00e9gorie d\u2019excellentes performances\u00a0\u00bb, conclut le top management.<\/p>\n<div class=\"vw-sticky-sidebar-wrapper vw-sticky-sidebar widget_text awac-wrapper widget_text awac widget custom_html-4 textwidget custom-html-widget\">\n<p class=\"has-background c12\"><span class=\"widget-title c11\">Tribune et D\u00e9bats<\/span><\/p>\n<p>La tribune qui vous parle d\u2019une actu, d\u2019un sujet qui fait d\u00e9bat, les traitent et les analysent. \u00c9conomistes et autres experts, patrons d\u2019entreprises, d\u00e9cideurs, acteurs de la soci\u00e9t\u00e9 civile, s\u2019y prononcent et contribuent \u00e0 sa grande richesse. Vous avez votre opinion, convergente ou diff\u00e9rente. Exprimez-la et mesurez-vous ainsi \u00e0 nos tribuns et d\u00e9batteurs.<\/p>\n<p>Envoyez vos analyses \u00e0 : <a href=\"\/cdn-cgi\/l\/email-protection#bad9d5d4cedbd9cefad9d2dbd6d6dfd4dddf94d7db\"><span class=\"__cf_email__\" data-cfemail=\"beddd1d0cadfddcafeddd6dfd2d2dbd0d9db90d3df\">[email\u00a0protected]<\/span><\/a>, en pr\u00e9cisant votre nom, votre pr\u00e9nom et votre m\u00e9tier.<\/p>\n<\/div>\n<p>Auteur: challenge<br \/>\n<a href=\"https:\/\/www.challenge.ma\/coronavirus-le-groupe-bio-rad-accelere-la-production-de-son-test-serologique-148181\/\">Cliquez ici pour lire l&rsquo;article depuis sa source.<\/a><\/p>\n","protected":false},"excerpt":{"rendered":"<p>Bio-Rad Laboratories, l\u2019un des leaders mondiaux de la recherche en sciences de la vie et des produits de diagnostic clinique, met les bouch\u00e9es doubles sur la production de son test Platelia SARS-CoV-2 Total Ab. Il s\u2019agit d\u2019un test de dosage immunologique sanguin permettant de d\u00e9terminer si un individu a d\u00e9velopp\u00e9 des anticorps contre le SARS-CoV-2, [&hellip;]<\/p>\n","protected":false},"author":1787,"featured_media":0,"comment_status":"closed","ping_status":"closed","sticky":false,"template":"","format":"standard","meta":{"fifu_image_url":"","fifu_image_alt":"","footnotes":""},"categories":[78,54],"tags":[],"class_list":["post-91807","post","type-post","status-publish","format-standard","hentry","category-economie","category-maroc"],"_links":{"self":[{"href":"https:\/\/linitiative.ca\/International\/wp-json\/wp\/v2\/posts\/91807","targetHints":{"allow":["GET"]}}],"collection":[{"href":"https:\/\/linitiative.ca\/International\/wp-json\/wp\/v2\/posts"}],"about":[{"href":"https:\/\/linitiative.ca\/International\/wp-json\/wp\/v2\/types\/post"}],"author":[{"embeddable":true,"href":"https:\/\/linitiative.ca\/International\/wp-json\/wp\/v2\/users\/1787"}],"replies":[{"embeddable":true,"href":"https:\/\/linitiative.ca\/International\/wp-json\/wp\/v2\/comments?post=91807"}],"version-history":[{"count":0,"href":"https:\/\/linitiative.ca\/International\/wp-json\/wp\/v2\/posts\/91807\/revisions"}],"wp:attachment":[{"href":"https:\/\/linitiative.ca\/International\/wp-json\/wp\/v2\/media?parent=91807"}],"wp:term":[{"taxonomy":"category","embeddable":true,"href":"https:\/\/linitiative.ca\/International\/wp-json\/wp\/v2\/categories?post=91807"},{"taxonomy":"post_tag","embeddable":true,"href":"https:\/\/linitiative.ca\/International\/wp-json\/wp\/v2\/tags?post=91807"}],"curies":[{"name":"wp","href":"https:\/\/api.w.org\/{rel}","templated":true}]}}