{"id":91810,"date":"2020-07-09T16:51:47","date_gmt":"2020-07-09T20:51:47","guid":{"rendered":"https:\/\/linitiative.ca\/International\/la-ccg-change-de-statut\/"},"modified":"2020-07-09T16:51:47","modified_gmt":"2020-07-09T20:51:47","slug":"la-ccg-change-de-statut","status":"publish","type":"post","link":"https:\/\/linitiative.ca\/International\/la-ccg-change-de-statut\/","title":{"rendered":"La CCG change de statut"},"content":{"rendered":"<p><strong>Le Conseil de gouvernement, r\u00e9uni jeudi, a adopt\u00e9 un projet de loi n\u00b044.20 modifiant et compl\u00e9tant la loi 103.12 relative aux \u00e9tablissements de cr\u00e9dit et organismes assimil\u00e9s, a indiqu\u00e9 le ministre de l\u2019\u00c9ducation nationale, de la formation professionnelle, de l\u2019enseignement sup\u00e9rieur et de la recherche scientifique, porte-parole du gouvernement, Saaid Amzazi.<\/strong><\/p>\n<div class=\"c10\"\/>\n<p>Pr\u00e9sent\u00e9 par le ministre charg\u00e9 de l\u2019Administration de la d\u00e9fense nationale \u00e0 la place du ministre de l\u2019Economie, des finances et de la r\u00e9forme de l\u2019administration, ce projet de loi vise \u00e0 porter des amendements aux articles 11, 19 et 61 de la loi 103.12 promulgu\u00e9e par le Dahir n\u00b01-14-193 du 1er Rabii I 1436 (24 d\u00e9cembre 2014), a fait savoir Saaid Amzazi lors d\u2019un point de presse \u00e0 l\u2019issue du conseil de gouvernement.<\/p>\n<p><strong>Lire aussi |<\/strong> <a rel=\"noreferrer noopener\" aria-label=\" (opens in a new tab)\" href=\"https:\/\/www.challenge.ma\/les-credits-damane-oxygene-attention-aux-effets-pervers-141037\/\" target=\"_blank\"><strong>Cr\u00e9dits Damane Oxyg\u00e8ne : attention aux effets pervers !<\/strong><\/a><\/p>\n<p>Il s\u2019agit \u00e9galement de compl\u00e9ter cette loi par l\u2019article 19 Bis et ce, dans l\u2019objectif d\u2019adapter ses dispositions avec le projet de loi n\u00b0 36.20 relatif \u00e0 la transformation de la Caisse centrale de garantie (CCG) en soci\u00e9t\u00e9 anonyme, a-t-il ajout\u00e9.<\/p>\n<p><strong>Lire aussi | <a href=\"https:\/\/www.challenge.ma\/coronavirus-le-taux-applique-a-damane-oxygene-est-de-4-136171\/\" target=\"_blank\" rel=\"noreferrer noopener\" aria-label=\" (opens in a new tab)\">Coronavirus : le taux appliqu\u00e9 \u00e0 Damane Oxyg\u00e8ne est de 4%<\/a><\/strong><\/p>\n<p>Ainsi, il sera proc\u00e9d\u00e9 au niveau des articles 11 et 61 de la loi 103.12 au changement de la d\u00e9nomination de la CCG pour devenir \u00ab\u00a0La banque publique de l\u2019entreprise\u00a0\u00bb et soumettre cette soci\u00e9t\u00e9 \u00e0 toutes les dispositions de cette loi, compte tenu de l\u2019\u00e9largissement de ses missions pour comprendre l\u2019exercice de nouvelles activit\u00e9s, dont l\u2019octroi de cr\u00e9dits aux entreprises conform\u00e9ment \u00e0 des conditions fix\u00e9es par une circulaire du Wali de Bank Al-Maghrib apr\u00e8s consultation du comit\u00e9 des \u00e9tablissements de cr\u00e9dit.<\/p>\n<div class=\"vw-sticky-sidebar-wrapper vw-sticky-sidebar widget_text awac-wrapper widget_text awac widget custom_html-4 textwidget custom-html-widget\">\n<p class=\"has-background c12\"><span class=\"widget-title c11\">Tribune et D\u00e9bats<\/span><\/p>\n<p>La tribune qui vous parle d\u2019une actu, d\u2019un sujet qui fait d\u00e9bat, les traitent et les analysent. \u00c9conomistes et autres experts, patrons d\u2019entreprises, d\u00e9cideurs, acteurs de la soci\u00e9t\u00e9 civile, s\u2019y prononcent et contribuent \u00e0 sa grande richesse. Vous avez votre opinion, convergente ou diff\u00e9rente. Exprimez-la et mesurez-vous ainsi \u00e0 nos tribuns et d\u00e9batteurs.<\/p>\n<p>Envoyez vos analyses \u00e0 : <a href=\"\/cdn-cgi\/l\/email-protection#dab9b5b4aebbb9ae9ab9b2bbb6b6bfb4bdbff4b7bb\"><span class=\"__cf_email__\" data-cfemail=\"caa9a5a4beaba9be8aa9a2aba6a6afa4adafe4a7ab\">[email\u00a0protected]<\/span><\/a>, en pr\u00e9cisant votre nom, votre pr\u00e9nom et votre m\u00e9tier.<\/p>\n<\/div>\n<p>Auteur: Karim Handaoui<br \/>\n<a href=\"https:\/\/www.challenge.ma\/la-ccg-change-de-statut-148210\/\">Cliquez ici pour lire l&rsquo;article depuis sa source.<\/a><\/p>\n","protected":false},"excerpt":{"rendered":"<p>Le Conseil de gouvernement, r\u00e9uni jeudi, a adopt\u00e9 un projet de loi n\u00b044.20 modifiant et compl\u00e9tant la loi 103.12 relative aux \u00e9tablissements de cr\u00e9dit et organismes assimil\u00e9s, a indiqu\u00e9 le ministre de l\u2019\u00c9ducation nationale, de la formation professionnelle, de l\u2019enseignement sup\u00e9rieur et de la recherche scientifique, porte-parole du gouvernement, Saaid Amzazi. Pr\u00e9sent\u00e9 par le ministre [&hellip;]<\/p>\n","protected":false},"author":1787,"featured_media":0,"comment_status":"closed","ping_status":"closed","sticky":false,"template":"","format":"standard","meta":{"fifu_image_url":"","fifu_image_alt":"","footnotes":""},"categories":[78,54],"tags":[],"class_list":["post-91810","post","type-post","status-publish","format-standard","hentry","category-economie","category-maroc"],"_links":{"self":[{"href":"https:\/\/linitiative.ca\/International\/wp-json\/wp\/v2\/posts\/91810","targetHints":{"allow":["GET"]}}],"collection":[{"href":"https:\/\/linitiative.ca\/International\/wp-json\/wp\/v2\/posts"}],"about":[{"href":"https:\/\/linitiative.ca\/International\/wp-json\/wp\/v2\/types\/post"}],"author":[{"embeddable":true,"href":"https:\/\/linitiative.ca\/International\/wp-json\/wp\/v2\/users\/1787"}],"replies":[{"embeddable":true,"href":"https:\/\/linitiative.ca\/International\/wp-json\/wp\/v2\/comments?post=91810"}],"version-history":[{"count":0,"href":"https:\/\/linitiative.ca\/International\/wp-json\/wp\/v2\/posts\/91810\/revisions"}],"wp:attachment":[{"href":"https:\/\/linitiative.ca\/International\/wp-json\/wp\/v2\/media?parent=91810"}],"wp:term":[{"taxonomy":"category","embeddable":true,"href":"https:\/\/linitiative.ca\/International\/wp-json\/wp\/v2\/categories?post=91810"},{"taxonomy":"post_tag","embeddable":true,"href":"https:\/\/linitiative.ca\/International\/wp-json\/wp\/v2\/tags?post=91810"}],"curies":[{"name":"wp","href":"https:\/\/api.w.org\/{rel}","templated":true}]}}